{"id":10433,"date":"2016-02-16T13:09:38","date_gmt":"2016-02-16T12:09:38","guid":{"rendered":"http:\/\/ivoreya-judo.si.afna.si\/?p=10433"},"modified":"2016-02-16T13:09:38","modified_gmt":"2016-02-16T12:09:38","slug":"pokal-lendava","status":"publish","type":"post","link":"http:\/\/ivoreya-judo.si.afna.si\/?p=10433","title":{"rendered":"Pokal Lendava"},"content":{"rendered":"<div class=\"exp-col-content-holder\"><a class=\"expand-cnt-link\" href=\"#\">Preberi ve\u010d<\/a><\/p>\n<div class=\"hidden-content\">\n<p class=\"hiddenContentp\">V soboto 13. februarja se je odvijal mednarodni Pokal Lendava. Na uradni tekmi sta za mlaj\u0161e kadetinje sta nastopili Eva Goren\u0161ek in Pia Pavleti\u010d. Obe sta tekmovali v kategoriji &#8211; 52 kg. Eva Goren\u0161ek je osvojila 1. mesto, Pia Pavleti\u010d se je morala zadovoljiti z 3. mesto. Obe tekmovalki sta pokazila napredek v borbi. \u010cestitamo<\/p>\n<\/div>\n<\/div>\n<p><!-- default-view.php -->\n<div\n\tclass=\"ngg-galleryoverview default-view\n\t ngg-ajax-pagination-none\t\"\n\tid=\"ngg-gallery-276b94761808aa0c88f1d97b5e86f01f-1\">\n\n\t\t<!-- Thumbnails -->\n\t\t\t\t<div id=\"ngg-image-0\" class=\"ngg-gallery-thumbnail-box\n\t\t\t\t\t\t\t\t\t\t\t\"\n\t\t\t>\n\t\t\t\t\t\t<div class=\"ngg-gallery-thumbnail\">\n\t\t\t<a href=\"http:\/\/ivoreya-judo.si.afna.si\/wp-content\/gallery\/pokal-lendava-15\/DSC_0001.JPG\"\n\t\t\t\ttitle=\"\"\n\t\t\t\tdata-src=\"http:\/\/ivoreya-judo.si.afna.si\/wp-content\/gallery\/pokal-lendava-15\/DSC_0001.JPG\"\n\t\t\t\tdata-thumbnail=\"http:\/\/ivoreya-judo.si.afna.si\/wp-content\/gallery\/pokal-lendava-15\/thumbs\/thumbs_DSC_0001.JPG\"\n\t\t\t\tdata-image-id=\"4849\"\n\t\t\t\tdata-title=\"DSC_0001\"\n\t\t\t\tdata-description=\"\"\n\t\t\t\tdata-image-slug=\"dsc_0001-8\"\n\t\t\t\tclass=\"shutterset_276b94761808aa0c88f1d97b5e86f01f\">\n\t\t\t\t<img\n\t\t\t\t\ttitle=\"DSC_0001\"\n\t\t\t\t\talt=\"DSC_0001\"\n\t\t\t\t\tsrc=\"http:\/\/ivoreya-judo.si.afna.si\/wp-content\/gallery\/pokal-lendava-15\/thumbs\/thumbs_DSC_0001.JPG\"\n\t\t\t\t\twidth=\"100\"\n\t\t\t\t\theight=\"75\"\n\t\t\t\t\tstyle=\"max-width:100%;\"\n\t\t\t\t\/>\n\t\t\t<\/a>\n\t\t<\/div>\n\t\t\t\t\t\t\t<\/div>\n\t\t\t\n\t\t\t\t<div id=\"ngg-image-1\" class=\"ngg-gallery-thumbnail-box\n\t\t\t\t\t\t\t\t\t\t\t\"\n\t\t\t>\n\t\t\t\t\t\t<div class=\"ngg-gallery-thumbnail\">\n\t\t\t<a href=\"http:\/\/ivoreya-judo.si.afna.si\/wp-content\/gallery\/pokal-lendava-15\/DSC_0003.JPG\"\n\t\t\t\ttitle=\"\"\n\t\t\t\tdata-src=\"http:\/\/ivoreya-judo.si.afna.si\/wp-content\/gallery\/pokal-lendava-15\/DSC_0003.JPG\"\n\t\t\t\tdata-thumbnail=\"http:\/\/ivoreya-judo.si.afna.si\/wp-content\/gallery\/pokal-lendava-15\/thumbs\/thumbs_DSC_0003.JPG\"\n\t\t\t\tdata-image-id=\"4850\"\n\t\t\t\tdata-title=\"DSC_0003\"\n\t\t\t\tdata-description=\"\"\n\t\t\t\tdata-image-slug=\"dsc_0003-9\"\n\t\t\t\tclass=\"shutterset_276b94761808aa0c88f1d97b5e86f01f\">\n\t\t\t\t<img\n\t\t\t\t\ttitle=\"DSC_0003\"\n\t\t\t\t\talt=\"DSC_0003\"\n\t\t\t\t\tsrc=\"http:\/\/ivoreya-judo.si.afna.si\/wp-content\/gallery\/pokal-lendava-15\/thumbs\/thumbs_DSC_0003.JPG\"\n\t\t\t\t\twidth=\"100\"\n\t\t\t\t\theight=\"75\"\n\t\t\t\t\tstyle=\"max-width:100%;\"\n\t\t\t\t\/>\n\t\t\t<\/a>\n\t\t<\/div>\n\t\t\t\t\t\t\t<\/div>\n\t\t\t\n\t\t\t\t<div id=\"ngg-image-2\" class=\"ngg-gallery-thumbnail-box\n\t\t\t\t\t\t\t\t\t\t\t\"\n\t\t\t>\n\t\t\t\t\t\t<div class=\"ngg-gallery-thumbnail\">\n\t\t\t<a href=\"http:\/\/ivoreya-judo.si.afna.si\/wp-content\/gallery\/pokal-lendava-15\/DSC_0005.JPG\"\n\t\t\t\ttitle=\"\"\n\t\t\t\tdata-src=\"http:\/\/ivoreya-judo.si.afna.si\/wp-content\/gallery\/pokal-lendava-15\/DSC_0005.JPG\"\n\t\t\t\tdata-thumbnail=\"http:\/\/ivoreya-judo.si.afna.si\/wp-content\/gallery\/pokal-lendava-15\/thumbs\/thumbs_DSC_0005.JPG\"\n\t\t\t\tdata-image-id=\"4851\"\n\t\t\t\tdata-title=\"DSC_0005\"\n\t\t\t\tdata-description=\"\"\n\t\t\t\tdata-image-slug=\"dsc_0005-9\"\n\t\t\t\tclass=\"shutterset_276b94761808aa0c88f1d97b5e86f01f\">\n\t\t\t\t<img\n\t\t\t\t\ttitle=\"DSC_0005\"\n\t\t\t\t\talt=\"DSC_0005\"\n\t\t\t\t\tsrc=\"http:\/\/ivoreya-judo.si.afna.si\/wp-content\/gallery\/pokal-lendava-15\/thumbs\/thumbs_DSC_0005.JPG\"\n\t\t\t\t\twidth=\"100\"\n\t\t\t\t\theight=\"75\"\n\t\t\t\t\tstyle=\"max-width:100%;\"\n\t\t\t\t\/>\n\t\t\t<\/a>\n\t\t<\/div>\n\t\t\t\t\t\t\t<\/div>\n\t\t\t\n\t\t\t\t<div id=\"ngg-image-3\" class=\"ngg-gallery-thumbnail-box\n\t\t\t\t\t\t\t\t\t\t\t\"\n\t\t\t>\n\t\t\t\t\t\t<div class=\"ngg-gallery-thumbnail\">\n\t\t\t<a href=\"http:\/\/ivoreya-judo.si.afna.si\/wp-content\/gallery\/pokal-lendava-15\/DSC_0009.JPG\"\n\t\t\t\ttitle=\"\"\n\t\t\t\tdata-src=\"http:\/\/ivoreya-judo.si.afna.si\/wp-content\/gallery\/pokal-lendava-15\/DSC_0009.JPG\"\n\t\t\t\tdata-thumbnail=\"http:\/\/ivoreya-judo.si.afna.si\/wp-content\/gallery\/pokal-lendava-15\/thumbs\/thumbs_DSC_0009.JPG\"\n\t\t\t\tdata-image-id=\"4852\"\n\t\t\t\tdata-title=\"DSC_0009\"\n\t\t\t\tdata-description=\"\"\n\t\t\t\tdata-image-slug=\"dsc_0009-8\"\n\t\t\t\tclass=\"shutterset_276b94761808aa0c88f1d97b5e86f01f\">\n\t\t\t\t<img\n\t\t\t\t\ttitle=\"DSC_0009\"\n\t\t\t\t\talt=\"DSC_0009\"\n\t\t\t\t\tsrc=\"http:\/\/ivoreya-judo.si.afna.si\/wp-content\/gallery\/pokal-lendava-15\/thumbs\/thumbs_DSC_0009.JPG\"\n\t\t\t\t\twidth=\"100\"\n\t\t\t\t\theight=\"75\"\n\t\t\t\t\tstyle=\"max-width:100%;\"\n\t\t\t\t\/>\n\t\t\t<\/a>\n\t\t<\/div>\n\t\t\t\t\t\t\t<\/div>\n\t\t\t\n\t\t\t\t<div id=\"ngg-image-4\" class=\"ngg-gallery-thumbnail-box\n\t\t\t\t\t\t\t\t\t\t\t\"\n\t\t\t>\n\t\t\t\t\t\t<div class=\"ngg-gallery-thumbnail\">\n\t\t\t<a href=\"http:\/\/ivoreya-judo.si.afna.si\/wp-content\/gallery\/pokal-lendava-15\/DSC_0011.JPG\"\n\t\t\t\ttitle=\"\"\n\t\t\t\tdata-src=\"http:\/\/ivoreya-judo.si.afna.si\/wp-content\/gallery\/pokal-lendava-15\/DSC_0011.JPG\"\n\t\t\t\tdata-thumbnail=\"http:\/\/ivoreya-judo.si.afna.si\/wp-content\/gallery\/pokal-lendava-15\/thumbs\/thumbs_DSC_0011.JPG\"\n\t\t\t\tdata-image-id=\"4853\"\n\t\t\t\tdata-title=\"DSC_0011\"\n\t\t\t\tdata-description=\"\"\n\t\t\t\tdata-image-slug=\"dsc_0011-9\"\n\t\t\t\tclass=\"shutterset_276b94761808aa0c88f1d97b5e86f01f\">\n\t\t\t\t<img\n\t\t\t\t\ttitle=\"DSC_0011\"\n\t\t\t\t\talt=\"DSC_0011\"\n\t\t\t\t\tsrc=\"http:\/\/ivoreya-judo.si.afna.si\/wp-content\/gallery\/pokal-lendava-15\/thumbs\/thumbs_DSC_0011.JPG\"\n\t\t\t\t\twidth=\"100\"\n\t\t\t\t\theight=\"75\"\n\t\t\t\t\tstyle=\"max-width:100%;\"\n\t\t\t\t\/>\n\t\t\t<\/a>\n\t\t<\/div>\n\t\t\t\t\t\t\t<\/div>\n\t\t\t\n\t\n\t<br style=\"clear: both\" \/>\n\n\t\t<div class=\"slideshowlink\">\n\t\t<a href='http:\/\/ivoreya-judo.si.afna.si\/index.php\/nggallery\/slideshow?p=10433'>[Show as slideshow]<\/a>\n\n\t<\/div>\n\t\n\t\t<!-- Pagination -->\n\t\t<div class='ngg-clear'><\/div>\t<\/div>\n<\/p>\n","protected":false},"excerpt":{"rendered":"<p>Preberi ve\u010d V soboto 13. februarja se je odvijal mednarodni Pokal Lendava. Na uradni tekmi sta za mlaj\u0161e kadetinje sta nastopili Eva Goren\u0161ek in Pia Pavleti\u010d. Obe sta tekmovali v kategoriji &#8211; 52 kg. Eva Goren\u0161ek je osvojila 1. mesto, Pia Pavleti\u010d se je morala zadovoljiti z 3. mesto. Obe tekmovalki sta pokazila napredek v [&hellip;]<\/p>\n","protected":false},"author":2,"featured_media":0,"comment_status":"closed","ping_status":"open","sticky":false,"template":"","format":"standard","meta":{"ngg_post_thumbnail":0,"_jetpack_newsletter_access":"","_jetpack_dont_email_post_to_subs":false,"_jetpack_newsletter_tier_id":0,"_jetpack_memberships_contains_paywalled_content":false,"_jetpack_memberships_contains_paid_content":false,"footnotes":""},"categories":[1],"tags":[],"class_list":["post-10433","post","type-post","status-publish","format-standard","hentry","category-uncategorized"],"jetpack_featured_media_url":"","jetpack_shortlink":"https:\/\/wp.me\/p345DH-2Ih","jetpack_sharing_enabled":true,"_links":{"self":[{"href":"http:\/\/ivoreya-judo.si.afna.si\/index.php?rest_route=\/wp\/v2\/posts\/10433","targetHints":{"allow":["GET"]}}],"collection":[{"href":"http:\/\/ivoreya-judo.si.afna.si\/index.php?rest_route=\/wp\/v2\/posts"}],"about":[{"href":"http:\/\/ivoreya-judo.si.afna.si\/index.php?rest_route=\/wp\/v2\/types\/post"}],"author":[{"embeddable":true,"href":"http:\/\/ivoreya-judo.si.afna.si\/index.php?rest_route=\/wp\/v2\/users\/2"}],"replies":[{"embeddable":true,"href":"http:\/\/ivoreya-judo.si.afna.si\/index.php?rest_route=%2Fwp%2Fv2%2Fcomments&post=10433"}],"version-history":[{"count":1,"href":"http:\/\/ivoreya-judo.si.afna.si\/index.php?rest_route=\/wp\/v2\/posts\/10433\/revisions"}],"predecessor-version":[{"id":10435,"href":"http:\/\/ivoreya-judo.si.afna.si\/index.php?rest_route=\/wp\/v2\/posts\/10433\/revisions\/10435"}],"wp:attachment":[{"href":"http:\/\/ivoreya-judo.si.afna.si\/index.php?rest_route=%2Fwp%2Fv2%2Fmedia&parent=10433"}],"wp:term":[{"taxonomy":"category","embeddable":true,"href":"http:\/\/ivoreya-judo.si.afna.si\/index.php?rest_route=%2Fwp%2Fv2%2Fcategories&post=10433"},{"taxonomy":"post_tag","embeddable":true,"href":"http:\/\/ivoreya-judo.si.afna.si\/index.php?rest_route=%2Fwp%2Fv2%2Ftags&post=10433"}],"curies":[{"name":"wp","href":"https:\/\/api.w.org\/{rel}","templated":true}]}}