{"id":13560,"date":"2017-01-08T11:59:37","date_gmt":"2017-01-08T10:59:37","guid":{"rendered":"http:\/\/ivoreya-judo.si.afna.si\/?p=13560"},"modified":"2017-01-08T11:59:37","modified_gmt":"2017-01-08T10:59:37","slug":"zakljucek-sezone-2016","status":"publish","type":"post","link":"http:\/\/ivoreya-judo.si.afna.si\/?p=13560","title":{"rendered":"Zaklju\u010dek sezone 2016"},"content":{"rendered":"<p>V ponedeljek 19. decembra smo se \u010dlani Judo kluba Ivo Reya dobili v pizzeriji \u0160pica, ki se nahaja ob reki Savinji. V prijetnem vzdu\u0161ju smo obudili spomine na sezono 2016 in si za\u017eeleli sre\u010do v letu 2017. Najbolj\u0161im trem v vseh starostnih kategorijah U10, U12, U14 itd. smo podelili plakete in nagrade za uspe\u0161no delo v letu 2016.<\/p>\n<p>Vsem \u017eelimo veliko \u0161portnih uspehov v sezoni 2017.<\/p>\nngg_shortcode_0_placeholder\n","protected":false},"excerpt":{"rendered":"<p>V ponedeljek 19. decembra smo se \u010dlani Judo kluba Ivo Reya dobili v pizzeriji \u0160pica, ki se nahaja ob reki Savinji. V prijetnem vzdu\u0161ju smo obudili spomine na sezono 2016 in si za\u017eeleli sre\u010do v letu 2017. Najbolj\u0161im trem v vseh starostnih kategorijah U10, U12, U14 itd. smo podelili plakete in nagrade za uspe\u0161no delo [&hellip;]<\/p>\n","protected":false},"author":2,"featured_media":0,"comment_status":"closed","ping_status":"open","sticky":false,"template":"","format":"standard","meta":{"ngg_post_thumbnail":0,"_jetpack_newsletter_access":"","_jetpack_dont_email_post_to_subs":false,"_jetpack_newsletter_tier_id":0,"_jetpack_memberships_contains_paywalled_content":false,"_jetpack_memberships_contains_paid_content":false,"footnotes":""},"categories":[1],"tags":[],"class_list":["post-13560","post","type-post","status-publish","format-standard","hentry","category-uncategorized"],"jetpack_featured_media_url":"","jetpack_shortlink":"https:\/\/wp.me\/p345DH-3wI","jetpack_sharing_enabled":true,"_links":{"self":[{"href":"http:\/\/ivoreya-judo.si.afna.si\/index.php?rest_route=\/wp\/v2\/posts\/13560","targetHints":{"allow":["GET"]}}],"collection":[{"href":"http:\/\/ivoreya-judo.si.afna.si\/index.php?rest_route=\/wp\/v2\/posts"}],"about":[{"href":"http:\/\/ivoreya-judo.si.afna.si\/index.php?rest_route=\/wp\/v2\/types\/post"}],"author":[{"embeddable":true,"href":"http:\/\/ivoreya-judo.si.afna.si\/index.php?rest_route=\/wp\/v2\/users\/2"}],"replies":[{"embeddable":true,"href":"http:\/\/ivoreya-judo.si.afna.si\/index.php?rest_route=%2Fwp%2Fv2%2Fcomments&post=13560"}],"version-history":[{"count":1,"href":"http:\/\/ivoreya-judo.si.afna.si\/index.php?rest_route=\/wp\/v2\/posts\/13560\/revisions"}],"predecessor-version":[{"id":13561,"href":"http:\/\/ivoreya-judo.si.afna.si\/index.php?rest_route=\/wp\/v2\/posts\/13560\/revisions\/13561"}],"wp:attachment":[{"href":"http:\/\/ivoreya-judo.si.afna.si\/index.php?rest_route=%2Fwp%2Fv2%2Fmedia&parent=13560"}],"wp:term":[{"taxonomy":"category","embeddable":true,"href":"http:\/\/ivoreya-judo.si.afna.si\/index.php?rest_route=%2Fwp%2Fv2%2Fcategories&post=13560"},{"taxonomy":"post_tag","embeddable":true,"href":"http:\/\/ivoreya-judo.si.afna.si\/index.php?rest_route=%2Fwp%2Fv2%2Ftags&post=13560"}],"curies":[{"name":"wp","href":"https:\/\/api.w.org\/{rel}","templated":true}]}}