{"id":13738,"date":"2017-01-30T07:01:07","date_gmt":"2017-01-30T06:01:07","guid":{"rendered":"http:\/\/ivoreya-judo.si.afna.si\/?p=13738"},"modified":"2017-01-30T07:01:07","modified_gmt":"2017-01-30T06:01:07","slug":"2-judo-pokal-velenja","status":"publish","type":"post","link":"http:\/\/ivoreya-judo.si.afna.si\/?p=13738","title":{"rendered":"2. Judo pokal Velenja"},"content":{"rendered":"<p>V nedeljo 22. januarja se je v Vinski Gori odvijal 2. Judo turnir Velenja, ki ga je organiziral JK Velenje. Tekmovali so letniki U8, U10 in U12. Celotna tekma je potekala v prijateljskem vzdu\u0161ju. Iz Jk Ivo Reya se je tekme udele\u017eilo 14 tekmovalcev: Zarja MASTNAK, Matic MATJA\u017d, Milan KOLENC, Tijan STOJAN, Alja\u017e MATJA\u017d, Ian BOVHA, Svit MASTNAK, Taj HABIAN, Armin ZUKI\u0106, Svit DIMOVI\u010c, Nejc KUGLER, Filip \u0160TRLJI\u010c, Ro\u017ele VERBI\u010c in Ivan KRISTEUSKI. Skupaj smo odnesli 5 zlatih, 4 srebrne, 1 bronasto ter 4 \u010detra mesta. Skupno je Judo klub Ivo Reya osvojila 1. mesto.<\/p>\n<p>Vsem tekmovalcem \u010destitamo.&nbsp;<\/p>\nngg_shortcode_0_placeholder\n","protected":false},"excerpt":{"rendered":"<p>V nedeljo 22. januarja se je v Vinski Gori odvijal 2. Judo turnir Velenja, ki ga je organiziral JK Velenje. Tekmovali so letniki U8, U10 in U12. Celotna tekma je potekala v prijateljskem vzdu\u0161ju. Iz Jk Ivo Reya se je tekme udele\u017eilo 14 tekmovalcev: Zarja MASTNAK, Matic MATJA\u017d, Milan KOLENC, Tijan STOJAN, Alja\u017e MATJA\u017d, Ian [&hellip;]<\/p>\n","protected":false},"author":2,"featured_media":0,"comment_status":"closed","ping_status":"open","sticky":false,"template":"","format":"standard","meta":{"ngg_post_thumbnail":0,"_jetpack_newsletter_access":"","_jetpack_dont_email_post_to_subs":false,"_jetpack_newsletter_tier_id":0,"_jetpack_memberships_contains_paywalled_content":false,"_jetpack_memberships_contains_paid_content":false,"footnotes":""},"categories":[1],"tags":[],"class_list":["post-13738","post","type-post","status-publish","format-standard","hentry","category-uncategorized"],"jetpack_featured_media_url":"","jetpack_shortlink":"https:\/\/wp.me\/p345DH-3zA","jetpack_sharing_enabled":true,"_links":{"self":[{"href":"http:\/\/ivoreya-judo.si.afna.si\/index.php?rest_route=\/wp\/v2\/posts\/13738","targetHints":{"allow":["GET"]}}],"collection":[{"href":"http:\/\/ivoreya-judo.si.afna.si\/index.php?rest_route=\/wp\/v2\/posts"}],"about":[{"href":"http:\/\/ivoreya-judo.si.afna.si\/index.php?rest_route=\/wp\/v2\/types\/post"}],"author":[{"embeddable":true,"href":"http:\/\/ivoreya-judo.si.afna.si\/index.php?rest_route=\/wp\/v2\/users\/2"}],"replies":[{"embeddable":true,"href":"http:\/\/ivoreya-judo.si.afna.si\/index.php?rest_route=%2Fwp%2Fv2%2Fcomments&post=13738"}],"version-history":[{"count":3,"href":"http:\/\/ivoreya-judo.si.afna.si\/index.php?rest_route=\/wp\/v2\/posts\/13738\/revisions"}],"predecessor-version":[{"id":13865,"href":"http:\/\/ivoreya-judo.si.afna.si\/index.php?rest_route=\/wp\/v2\/posts\/13738\/revisions\/13865"}],"wp:attachment":[{"href":"http:\/\/ivoreya-judo.si.afna.si\/index.php?rest_route=%2Fwp%2Fv2%2Fmedia&parent=13738"}],"wp:term":[{"taxonomy":"category","embeddable":true,"href":"http:\/\/ivoreya-judo.si.afna.si\/index.php?rest_route=%2Fwp%2Fv2%2Fcategories&post=13738"},{"taxonomy":"post_tag","embeddable":true,"href":"http:\/\/ivoreya-judo.si.afna.si\/index.php?rest_route=%2Fwp%2Fv2%2Ftags&post=13738"}],"curies":[{"name":"wp","href":"https:\/\/api.w.org\/{rel}","templated":true}]}}