{"id":14175,"date":"2017-02-26T22:04:20","date_gmt":"2017-02-26T21:04:20","guid":{"rendered":"http:\/\/ivoreya-judo.si.afna.si\/?p=14175"},"modified":"2017-02-26T22:09:13","modified_gmt":"2017-02-26T21:09:13","slug":"pokal-gustanj-in-mini-pokal-gustanj","status":"publish","type":"post","link":"http:\/\/ivoreya-judo.si.afna.si\/?p=14175","title":{"rendered":"Pokal Gu\u0161tanj in Mini pokal Gu\u0161tanj"},"content":{"rendered":"<div class=\"exp-col-content-holder\">\n<div class=\"exp-col-content-holder\"><a class=\"expand-cnt-link\" href=\"#\">Preberi ve\u010d<\/a><\/p>\n<div class=\"hidden-content\">\n<p class=\"hiddenContentp\">V soboto 18. 2. se je odvijal mednarodni Pokal Gu\u0161tanj kjer je nastopilo 38 kljubov iz \u0161tirih dr\u017eav. Skupaj 291 tekmovalcev in tekmovalk. V nedeljo 19. 2. pa so nastopili na\u0161i najmlaj\u0161i na mini Pokalu Gu\u0161tanj. V soboto so nastopili v starostni kategoriji U12, U14 in U16. Za U12 so nastopali Svit MASTNAK (-27 kg), Lado DELAKORDA (-32 kg), Ian BOVHA (-32 kg), Alja\u017e MATJA\u017d (-32 kg), Alen MAHMUTOVI\u010c (-35 kg), Nejc KUGLER (- 38kg), Armin ZUKI\u0106 (-38 kg) in Filip \u0160TRLJI\u010c (-42 kg). Za U14 so tekmovali Nejc BELTRAM (-34 kg), Nik BELTRAM (-38 kg), Vid PLESNIK ZUPANC (-46 kg) in Tara JANJI\u0106 (-52 kg). Pri starostni kategoriji U16 so tekmovali Tijan KOL\u0160EK (-42 kg), Taras MASTNAK (-50 kg), Pia PAVLETI\u010c (-57 kg), Ana BELTRAM (-57 kg). Skupaj smo osvojili eno 7. mesto, pet 5. mest, dvat 3. mest, kar \u0161tiri 2. mesta in dva 1. mesta. Kar nas je skupno pripeljalo do 6. mesta. Pri najmlaj\u0161i pa so nastopili Zarja MASTNAK, \u017danin VALEN\u010cAK, Matic MATJA\u017d, Tai U\u017dMAH, Tijan STOJAN, David KALAN in Milan KOLENC. UVRSTITVE Nejc KUGLER 7. mesto Filip \u0160TRLJI\u010c 5. mesto Alen MAHMUTOVI\u010c 5. mesto Alja\u017e MATJA\u017d 5. mesto Armin ZUKI\u0106 3. mesto Svit MASTNAK 2. mesto Tara JANJI\u0106 5. mesto Vid PLESNIK ZUPANC 5. mesto Nejc BELTRAM 1. mesto Nik BELTRAM 2. mesto Tijan KOL\u0160EK 2. mesto Taras MASTNAK 3. mesto Ana BELTRAM 2. mesto Pia PAVLETI\u010c 1. mesto Zarja MASTNAK 1. mest \u017danin VALE\u010cAK 2. mesto Matic MATJA\u017d 2. mesto Tai U\u017dMAH 2. mesto Tijan STOJAN 2. mesto David KALAN 4. mesto Milan KOLENC 2. mesto<\/p>\n<\/div>\n<\/div>\n<\/div>\nngg_shortcode_0_placeholder\n","protected":false},"excerpt":{"rendered":"<p>Preberi ve\u010d V soboto 18. 2. se je odvijal mednarodni Pokal Gu\u0161tanj kjer je nastopilo 38 kljubov iz \u0161tirih dr\u017eav. Skupaj 291 tekmovalcev in tekmovalk. V nedeljo 19. 2. pa so nastopili na\u0161i najmlaj\u0161i na mini Pokalu Gu\u0161tanj. V soboto so nastopili v starostni kategoriji U12, U14 in U16. Za U12 so nastopali Svit MASTNAK [&hellip;]<\/p>\n","protected":false},"author":2,"featured_media":0,"comment_status":"closed","ping_status":"open","sticky":false,"template":"","format":"standard","meta":{"ngg_post_thumbnail":0,"_jetpack_newsletter_access":"","_jetpack_dont_email_post_to_subs":true,"_jetpack_newsletter_tier_id":0,"_jetpack_memberships_contains_paywalled_content":false,"_jetpack_memberships_contains_paid_content":false,"footnotes":""},"categories":[1],"tags":[],"class_list":["post-14175","post","type-post","status-publish","format-standard","hentry","category-uncategorized"],"jetpack_featured_media_url":"","jetpack_shortlink":"https:\/\/wp.me\/p345DH-3GD","jetpack_sharing_enabled":true,"_links":{"self":[{"href":"http:\/\/ivoreya-judo.si.afna.si\/index.php?rest_route=\/wp\/v2\/posts\/14175","targetHints":{"allow":["GET"]}}],"collection":[{"href":"http:\/\/ivoreya-judo.si.afna.si\/index.php?rest_route=\/wp\/v2\/posts"}],"about":[{"href":"http:\/\/ivoreya-judo.si.afna.si\/index.php?rest_route=\/wp\/v2\/types\/post"}],"author":[{"embeddable":true,"href":"http:\/\/ivoreya-judo.si.afna.si\/index.php?rest_route=\/wp\/v2\/users\/2"}],"replies":[{"embeddable":true,"href":"http:\/\/ivoreya-judo.si.afna.si\/index.php?rest_route=%2Fwp%2Fv2%2Fcomments&post=14175"}],"version-history":[{"count":8,"href":"http:\/\/ivoreya-judo.si.afna.si\/index.php?rest_route=\/wp\/v2\/posts\/14175\/revisions"}],"predecessor-version":[{"id":14363,"href":"http:\/\/ivoreya-judo.si.afna.si\/index.php?rest_route=\/wp\/v2\/posts\/14175\/revisions\/14363"}],"wp:attachment":[{"href":"http:\/\/ivoreya-judo.si.afna.si\/index.php?rest_route=%2Fwp%2Fv2%2Fmedia&parent=14175"}],"wp:term":[{"taxonomy":"category","embeddable":true,"href":"http:\/\/ivoreya-judo.si.afna.si\/index.php?rest_route=%2Fwp%2Fv2%2Fcategories&post=14175"},{"taxonomy":"post_tag","embeddable":true,"href":"http:\/\/ivoreya-judo.si.afna.si\/index.php?rest_route=%2Fwp%2Fv2%2Ftags&post=14175"}],"curies":[{"name":"wp","href":"https:\/\/api.w.org\/{rel}","templated":true}]}}