{"id":16439,"date":"2017-10-22T13:41:27","date_gmt":"2017-10-22T12:41:27","guid":{"rendered":"http:\/\/ivoreya-judo.si.afna.si\/?p=16439"},"modified":"2017-10-22T13:41:27","modified_gmt":"2017-10-22T12:41:27","slug":"niksic-mne-2017","status":"publish","type":"post","link":"http:\/\/ivoreya-judo.si.afna.si\/?p=16439","title":{"rendered":"Nik\u0161i\u0107 (MNE) 2017"},"content":{"rendered":"<div class=\"exp-col-content-holder\"><a class=\"expand-cnt-link\" href=\"#\">Preberi ve\u010d<\/a><\/p>\n<div class=\"hidden-content\">\n<p class=\"hiddenContentp\">V petek 13. oktobra smo se odpravili v Nik\u0161i\u0107 kjer smo se udele\u017eili mednaronga Tofeja Nik\u0161i\u0107a. V ekipi so bili Alja\u017e MATJA\u017d (- 34 kg), Nejc KUGLER (- 42 kg) oba sta nastopila v starostni kategoriji U13, ter Nejc BELTRAM (- 38 kg), Nik BELTRAM (- 42 kg), Vid PLESNIK ZUPANC (- 50 kg) in Tara JANJI\u0106 (- 57 kg). Skupaj smo osvojili 1 zlato, 1 srebrno, 3 bronasto in 5. mesto.<\/p>\n<\/div>\n<\/div>\nngg_shortcode_0_placeholder\n","protected":false},"excerpt":{"rendered":"<p>Preberi ve\u010d V petek 13. oktobra smo se odpravili v Nik\u0161i\u0107 kjer smo se udele\u017eili mednaronga Tofeja Nik\u0161i\u0107a. V ekipi so bili Alja\u017e MATJA\u017d (- 34 kg), Nejc KUGLER (- 42 kg) oba sta nastopila v starostni kategoriji U13, ter Nejc BELTRAM (- 38 kg), Nik BELTRAM (- 42 kg), Vid PLESNIK ZUPANC (- 50 [&hellip;]<\/p>\n","protected":false},"author":2,"featured_media":0,"comment_status":"closed","ping_status":"open","sticky":false,"template":"","format":"standard","meta":{"ngg_post_thumbnail":0,"_jetpack_newsletter_access":"","_jetpack_dont_email_post_to_subs":false,"_jetpack_newsletter_tier_id":0,"_jetpack_memberships_contains_paywalled_content":false,"_jetpack_memberships_contains_paid_content":false,"footnotes":""},"categories":[1],"tags":[],"class_list":["post-16439","post","type-post","status-publish","format-standard","hentry","category-uncategorized"],"jetpack_featured_media_url":"","jetpack_shortlink":"https:\/\/wp.me\/p345DH-4h9","jetpack_sharing_enabled":true,"_links":{"self":[{"href":"http:\/\/ivoreya-judo.si.afna.si\/index.php?rest_route=\/wp\/v2\/posts\/16439","targetHints":{"allow":["GET"]}}],"collection":[{"href":"http:\/\/ivoreya-judo.si.afna.si\/index.php?rest_route=\/wp\/v2\/posts"}],"about":[{"href":"http:\/\/ivoreya-judo.si.afna.si\/index.php?rest_route=\/wp\/v2\/types\/post"}],"author":[{"embeddable":true,"href":"http:\/\/ivoreya-judo.si.afna.si\/index.php?rest_route=\/wp\/v2\/users\/2"}],"replies":[{"embeddable":true,"href":"http:\/\/ivoreya-judo.si.afna.si\/index.php?rest_route=%2Fwp%2Fv2%2Fcomments&post=16439"}],"version-history":[{"count":1,"href":"http:\/\/ivoreya-judo.si.afna.si\/index.php?rest_route=\/wp\/v2\/posts\/16439\/revisions"}],"predecessor-version":[{"id":16440,"href":"http:\/\/ivoreya-judo.si.afna.si\/index.php?rest_route=\/wp\/v2\/posts\/16439\/revisions\/16440"}],"wp:attachment":[{"href":"http:\/\/ivoreya-judo.si.afna.si\/index.php?rest_route=%2Fwp%2Fv2%2Fmedia&parent=16439"}],"wp:term":[{"taxonomy":"category","embeddable":true,"href":"http:\/\/ivoreya-judo.si.afna.si\/index.php?rest_route=%2Fwp%2Fv2%2Fcategories&post=16439"},{"taxonomy":"post_tag","embeddable":true,"href":"http:\/\/ivoreya-judo.si.afna.si\/index.php?rest_route=%2Fwp%2Fv2%2Ftags&post=16439"}],"curies":[{"name":"wp","href":"https:\/\/api.w.org\/{rel}","templated":true}]}}