{"id":16983,"date":"2018-01-28T23:34:36","date_gmt":"2018-01-28T22:34:36","guid":{"rendered":"http:\/\/ivoreya-judo.si.afna.si\/?p=16983"},"modified":"2018-01-28T23:34:48","modified_gmt":"2018-01-28T22:34:48","slug":"pohorski-bataljon-2018","status":"publish","type":"post","link":"http:\/\/ivoreya-judo.si.afna.si\/?p=16983","title":{"rendered":"POHORSKI BATALJON 2018"},"content":{"rendered":"<div class=\"exp-col-content-holder\">\n<p><a class=\"expand-cnt-link\" href=\"#\">Preberi ve\u010d<\/a><\/p>\n<div class=\"hidden-content\">\n<p class=\"hiddenContentp\">V nedeljo 21.1. je Judo klub Impol organiziral tradicionalni judo truni Pohorski bataljon. To je prvi uradni turnir za kadete in kadetinje. Turnirja sta se udele\u017eili tudi dve na\u0161i tekmovalki Ana BELTRAM IN Pia PAVLETI\u010c, obe sta nastopali v kategoriji -63 kg. Ana je osvojila 5. mesto, Pii pa se je uspelo povzpeti na stopni\u010de in je osvojila 3. mesto.<\/p>\n<\/div>\n<\/div>\nngg_shortcode_0_placeholder\n","protected":false},"excerpt":{"rendered":"<p>Preberi ve\u010d V nedeljo 21.1. je Judo klub Impol organiziral tradicionalni judo truni Pohorski bataljon. To je prvi uradni turnir za kadete in kadetinje. Turnirja sta se udele\u017eili tudi dve na\u0161i tekmovalki Ana BELTRAM IN Pia PAVLETI\u010c, obe sta nastopali v kategoriji -63 kg. Ana je osvojila 5. mesto, Pii pa se je uspelo povzpeti [&hellip;]<\/p>\n","protected":false},"author":2,"featured_media":0,"comment_status":"closed","ping_status":"open","sticky":false,"template":"","format":"standard","meta":{"ngg_post_thumbnail":0,"_jetpack_newsletter_access":"","_jetpack_dont_email_post_to_subs":false,"_jetpack_newsletter_tier_id":0,"_jetpack_memberships_contains_paywalled_content":false,"_jetpack_memberships_contains_paid_content":false,"footnotes":""},"categories":[1],"tags":[],"class_list":["post-16983","post","type-post","status-publish","format-standard","hentry","category-uncategorized"],"jetpack_featured_media_url":"","jetpack_shortlink":"https:\/\/wp.me\/p345DH-4pV","jetpack_sharing_enabled":true,"_links":{"self":[{"href":"http:\/\/ivoreya-judo.si.afna.si\/index.php?rest_route=\/wp\/v2\/posts\/16983","targetHints":{"allow":["GET"]}}],"collection":[{"href":"http:\/\/ivoreya-judo.si.afna.si\/index.php?rest_route=\/wp\/v2\/posts"}],"about":[{"href":"http:\/\/ivoreya-judo.si.afna.si\/index.php?rest_route=\/wp\/v2\/types\/post"}],"author":[{"embeddable":true,"href":"http:\/\/ivoreya-judo.si.afna.si\/index.php?rest_route=\/wp\/v2\/users\/2"}],"replies":[{"embeddable":true,"href":"http:\/\/ivoreya-judo.si.afna.si\/index.php?rest_route=%2Fwp%2Fv2%2Fcomments&post=16983"}],"version-history":[{"count":2,"href":"http:\/\/ivoreya-judo.si.afna.si\/index.php?rest_route=\/wp\/v2\/posts\/16983\/revisions"}],"predecessor-version":[{"id":16985,"href":"http:\/\/ivoreya-judo.si.afna.si\/index.php?rest_route=\/wp\/v2\/posts\/16983\/revisions\/16985"}],"wp:attachment":[{"href":"http:\/\/ivoreya-judo.si.afna.si\/index.php?rest_route=%2Fwp%2Fv2%2Fmedia&parent=16983"}],"wp:term":[{"taxonomy":"category","embeddable":true,"href":"http:\/\/ivoreya-judo.si.afna.si\/index.php?rest_route=%2Fwp%2Fv2%2Fcategories&post=16983"},{"taxonomy":"post_tag","embeddable":true,"href":"http:\/\/ivoreya-judo.si.afna.si\/index.php?rest_route=%2Fwp%2Fv2%2Ftags&post=16983"}],"curies":[{"name":"wp","href":"https:\/\/api.w.org\/{rel}","templated":true}]}}