{"id":16986,"date":"2018-01-28T23:46:51","date_gmt":"2018-01-28T22:46:51","guid":{"rendered":"http:\/\/ivoreya-judo.si.afna.si\/?p=16986"},"modified":"2018-01-28T23:46:51","modified_gmt":"2018-01-28T22:46:51","slug":"drzavno-prvenstvo-u18-in-u14","status":"publish","type":"post","link":"http:\/\/ivoreya-judo.si.afna.si\/?p=16986","title":{"rendered":"DR\u017dAVNO PRVENSTVO U18 IN U14"},"content":{"rendered":"<div class=\"\" data-block=\"true\" data-editor=\"2bjg\" data-offset-key=\"n1q-0-0\">&nbsp;<\/div>\n<div class=\"\" data-block=\"true\" data-editor=\"2bjg\" data-offset-key=\"52mv4-0-0\">\n<div class=\"_1mf _1mj\" data-offset-key=\"52mv4-0-0\">\n<div class=\"exp-col-content-holder\"><a class=\"expand-cnt-link\" href=\"#\">Preberi ve\u010d<\/a><\/p>\n<div class=\"hidden-content\">\n<p class=\"hiddenContentp\">V soboto 27. januarje je Judo klub Triglav Kranj skupaj z Judo zvezo Slovenije organiziralo dr\u017eavno prvenstvo za kadete in kadetine U18 in za st. de\u010dke in st. deklice U14. Na kadetskem dr\u017eavnem prvestvu sta nastopili Ana BELTRAM in Pia PAVLETI\u010c. Obe sta nastopili v kategoriji -63 kg. Ana je kon\u010dala na 7. mestu. Pia pa si je za svoj 16. rojstni dan obesila bronasto medaljo. Na turnirju je nastopilo 142 tekmovalcev in tekmovalk iz 32 klubov. Pri starej\u0161ih de\u010dkih pa so nastopili Alja\u017e MATJA\u017d -34 kg, Nejc KUGLER -42 kg in Aleksander \u0160TIBERC -55 kg. Fantje niso bili kaj preve\u010d uspe\u0161ni Aleksander in Nejc sta izpadla v prvem krogu, Alja\u017e pa se uspel prebiti do 7. mesta. Pri starej\u0161ih de\u010dkov in deklic je nastopilo 242 tekmovalcev in tekmovalk iz 42 klubov.<\/p>\n<\/div>\n<\/div>\nngg_shortcode_0_placeholder\n<\/div>\n<\/div>\n<p>&nbsp;&nbsp;&nbsp;&nbsp;&nbsp;&nbsp;&nbsp;&nbsp;&nbsp;&nbsp;&nbsp;&nbsp;&nbsp;&nbsp;&nbsp;&nbsp;&nbsp;&nbsp;&nbsp;&nbsp;&nbsp;&nbsp;&nbsp;&nbsp;&nbsp;&nbsp;<\/p>\n","protected":false},"excerpt":{"rendered":"<p>&nbsp; Preberi ve\u010d V soboto 27. januarje je Judo klub Triglav Kranj skupaj z Judo zvezo Slovenije organiziralo dr\u017eavno prvenstvo za kadete in kadetine U18 in za st. de\u010dke in st. deklice U14. Na kadetskem dr\u017eavnem prvestvu sta nastopili Ana BELTRAM in Pia PAVLETI\u010c. Obe sta nastopili v kategoriji -63 kg. Ana je kon\u010dala na [&hellip;]<\/p>\n","protected":false},"author":2,"featured_media":0,"comment_status":"closed","ping_status":"open","sticky":false,"template":"","format":"standard","meta":{"ngg_post_thumbnail":0,"_jetpack_newsletter_access":"","_jetpack_dont_email_post_to_subs":false,"_jetpack_newsletter_tier_id":0,"_jetpack_memberships_contains_paywalled_content":false,"_jetpack_memberships_contains_paid_content":false,"footnotes":""},"categories":[1],"tags":[],"class_list":["post-16986","post","type-post","status-publish","format-standard","hentry","category-uncategorized"],"jetpack_featured_media_url":"","jetpack_shortlink":"https:\/\/wp.me\/p345DH-4pY","jetpack_sharing_enabled":true,"_links":{"self":[{"href":"http:\/\/ivoreya-judo.si.afna.si\/index.php?rest_route=\/wp\/v2\/posts\/16986","targetHints":{"allow":["GET"]}}],"collection":[{"href":"http:\/\/ivoreya-judo.si.afna.si\/index.php?rest_route=\/wp\/v2\/posts"}],"about":[{"href":"http:\/\/ivoreya-judo.si.afna.si\/index.php?rest_route=\/wp\/v2\/types\/post"}],"author":[{"embeddable":true,"href":"http:\/\/ivoreya-judo.si.afna.si\/index.php?rest_route=\/wp\/v2\/users\/2"}],"replies":[{"embeddable":true,"href":"http:\/\/ivoreya-judo.si.afna.si\/index.php?rest_route=%2Fwp%2Fv2%2Fcomments&post=16986"}],"version-history":[{"count":1,"href":"http:\/\/ivoreya-judo.si.afna.si\/index.php?rest_route=\/wp\/v2\/posts\/16986\/revisions"}],"predecessor-version":[{"id":16987,"href":"http:\/\/ivoreya-judo.si.afna.si\/index.php?rest_route=\/wp\/v2\/posts\/16986\/revisions\/16987"}],"wp:attachment":[{"href":"http:\/\/ivoreya-judo.si.afna.si\/index.php?rest_route=%2Fwp%2Fv2%2Fmedia&parent=16986"}],"wp:term":[{"taxonomy":"category","embeddable":true,"href":"http:\/\/ivoreya-judo.si.afna.si\/index.php?rest_route=%2Fwp%2Fv2%2Fcategories&post=16986"},{"taxonomy":"post_tag","embeddable":true,"href":"http:\/\/ivoreya-judo.si.afna.si\/index.php?rest_route=%2Fwp%2Fv2%2Ftags&post=16986"}],"curies":[{"name":"wp","href":"https:\/\/api.w.org\/{rel}","templated":true}]}}