{"id":18748,"date":"2025-04-18T10:45:36","date_gmt":"2025-04-18T09:45:36","guid":{"rendered":"http:\/\/ivoreya-judo.si.afna.si\/?p=18748"},"modified":"2025-04-18T10:45:37","modified_gmt":"2025-04-18T09:45:37","slug":"pokal-ptuja-13-04-25","status":"publish","type":"post","link":"http:\/\/ivoreya-judo.si.afna.si\/?p=18748","title":{"rendered":"POKAL PTUJA, 13.04.&#8217;25"},"content":{"rendered":"\n<p>V nedeljo smo se odpravili v Ptuj z na\u0161imi mlaj\u0161imi de\u010dki in ml. deklicami. Na turnirju je nastopilo pet na\u0161i tekmovalcev. Vsi so pokazali lepe borbe in dober napredek v svojem znanju. Domov smo prinesli \u0161tiri medalje.<\/p>\n\n\n\n<p>REZULTATI<\/p>\n\n\n\n<p><a><\/a>Tajra DEMIROVI\u0106 -33 kg 3. mesto<\/p>\n\n\n\n<p>Vanesa VRBNJAK -40 kg 2. mesto<\/p>\n\n\n\n<p>Aleks DIZDAREVI\u0106 -35 kg 3. mesto<\/p>\n\n\n\n<p>Amadej Mohor SOKLI\u010c -35 kg 3. mesto<\/p>\n\n\n\n<p>Nikola JANJI\u0106 -38 kg 4. mesto<\/p>\n\n\n\n<p>\u010dESTITKE<\/p>\n\n\n\n<figure class=\"wp-block-gallery has-nested-images columns-default is-cropped wp-block-gallery-1 is-layout-flex wp-block-gallery-is-layout-flex\">\n<figure class=\"wp-block-image size-large\"><img loading=\"lazy\" decoding=\"async\" width=\"680\" height=\"1024\" data-attachment-id=\"18744\" data-permalink=\"http:\/\/ivoreya-judo.si.afna.si\/?attachment_id=18744\" data-orig-file=\"http:\/\/ivoreya-judo.si.afna.si\/wp-content\/uploads\/DSC_0444-1.jpg\" data-orig-size=\"1063,1600\" data-comments-opened=\"0\" data-image-meta=\"{&quot;aperture&quot;:&quot;3.5&quot;,&quot;credit&quot;:&quot;Picasa&quot;,&quot;camera&quot;:&quot;NIKON D90&quot;,&quot;caption&quot;:&quot;&quot;,&quot;created_timestamp&quot;:&quot;1744546923&quot;,&quot;copyright&quot;:&quot;&quot;,&quot;focal_length&quot;:&quot;18&quot;,&quot;iso&quot;:&quot;800&quot;,&quot;shutter_speed&quot;:&quot;0.01&quot;,&quot;title&quot;:&quot;&quot;,&quot;orientation&quot;:&quot;0&quot;}\" data-image-title=\"DSC_0444\" data-image-description=\"\" data-image-caption=\"\" data-medium-file=\"http:\/\/ivoreya-judo.si.afna.si\/wp-content\/uploads\/DSC_0444-1-199x300.jpg\" data-large-file=\"http:\/\/ivoreya-judo.si.afna.si\/wp-content\/uploads\/DSC_0444-1-680x1024.jpg\" data-id=\"18744\" src=\"http:\/\/ivoreya-judo.si.afna.si\/wp-content\/uploads\/DSC_0444-1-680x1024.jpg\" alt=\"\" class=\"wp-image-18744\" srcset=\"http:\/\/ivoreya-judo.si.afna.si\/wp-content\/uploads\/DSC_0444-1-680x1024.jpg 680w, http:\/\/ivoreya-judo.si.afna.si\/wp-content\/uploads\/DSC_0444-1-199x300.jpg 199w, http:\/\/ivoreya-judo.si.afna.si\/wp-content\/uploads\/DSC_0444-1-768x1156.jpg 768w, http:\/\/ivoreya-judo.si.afna.si\/wp-content\/uploads\/DSC_0444-1-1020x1536.jpg 1020w, http:\/\/ivoreya-judo.si.afna.si\/wp-content\/uploads\/DSC_0444-1-624x939.jpg 624w, http:\/\/ivoreya-judo.si.afna.si\/wp-content\/uploads\/DSC_0444-1.jpg 1063w\" sizes=\"auto, (max-width: 680px) 100vw, 680px\" \/><\/figure>\n\n\n\n<figure class=\"wp-block-image size-large\"><img loading=\"lazy\" decoding=\"async\" width=\"1024\" height=\"680\" data-attachment-id=\"18741\" data-permalink=\"http:\/\/ivoreya-judo.si.afna.si\/?attachment_id=18741\" data-orig-file=\"http:\/\/ivoreya-judo.si.afna.si\/wp-content\/uploads\/DSC_0439-1.jpg\" data-orig-size=\"1600,1063\" data-comments-opened=\"0\" data-image-meta=\"{&quot;aperture&quot;:&quot;4&quot;,&quot;credit&quot;:&quot;Picasa&quot;,&quot;camera&quot;:&quot;NIKON D90&quot;,&quot;caption&quot;:&quot;&quot;,&quot;created_timestamp&quot;:&quot;1744546789&quot;,&quot;copyright&quot;:&quot;&quot;,&quot;focal_length&quot;:&quot;26&quot;,&quot;iso&quot;:&quot;800&quot;,&quot;shutter_speed&quot;:&quot;0.016666666666667&quot;,&quot;title&quot;:&quot;&quot;,&quot;orientation&quot;:&quot;0&quot;}\" data-image-title=\"DSC_0439\" data-image-description=\"\" data-image-caption=\"\" data-medium-file=\"http:\/\/ivoreya-judo.si.afna.si\/wp-content\/uploads\/DSC_0439-1-300x199.jpg\" data-large-file=\"http:\/\/ivoreya-judo.si.afna.si\/wp-content\/uploads\/DSC_0439-1-1024x680.jpg\" data-id=\"18741\" src=\"http:\/\/ivoreya-judo.si.afna.si\/wp-content\/uploads\/DSC_0439-1-1024x680.jpg\" alt=\"\" class=\"wp-image-18741\" srcset=\"http:\/\/ivoreya-judo.si.afna.si\/wp-content\/uploads\/DSC_0439-1-1024x680.jpg 1024w, http:\/\/ivoreya-judo.si.afna.si\/wp-content\/uploads\/DSC_0439-1-300x199.jpg 300w, http:\/\/ivoreya-judo.si.afna.si\/wp-content\/uploads\/DSC_0439-1-768x510.jpg 768w, http:\/\/ivoreya-judo.si.afna.si\/wp-content\/uploads\/DSC_0439-1-1536x1020.jpg 1536w, http:\/\/ivoreya-judo.si.afna.si\/wp-content\/uploads\/DSC_0439-1-624x415.jpg 624w, http:\/\/ivoreya-judo.si.afna.si\/wp-content\/uploads\/DSC_0439-1.jpg 1600w\" sizes=\"auto, (max-width: 1024px) 100vw, 1024px\" \/><\/figure>\n\n\n\n<figure class=\"wp-block-image size-large\"><img loading=\"lazy\" decoding=\"async\" width=\"1024\" height=\"680\" data-attachment-id=\"18738\" data-permalink=\"http:\/\/ivoreya-judo.si.afna.si\/?attachment_id=18738\" data-orig-file=\"http:\/\/ivoreya-judo.si.afna.si\/wp-content\/uploads\/DSC_0434-1.jpg\" data-orig-size=\"1600,1063\" data-comments-opened=\"0\" data-image-meta=\"{&quot;aperture&quot;:&quot;4&quot;,&quot;credit&quot;:&quot;Picasa&quot;,&quot;camera&quot;:&quot;NIKON D90&quot;,&quot;caption&quot;:&quot;&quot;,&quot;created_timestamp&quot;:&quot;1744546685&quot;,&quot;copyright&quot;:&quot;&quot;,&quot;focal_length&quot;:&quot;25&quot;,&quot;iso&quot;:&quot;800&quot;,&quot;shutter_speed&quot;:&quot;0.0125&quot;,&quot;title&quot;:&quot;&quot;,&quot;orientation&quot;:&quot;0&quot;}\" data-image-title=\"DSC_0434\" data-image-description=\"\" data-image-caption=\"\" data-medium-file=\"http:\/\/ivoreya-judo.si.afna.si\/wp-content\/uploads\/DSC_0434-1-300x199.jpg\" data-large-file=\"http:\/\/ivoreya-judo.si.afna.si\/wp-content\/uploads\/DSC_0434-1-1024x680.jpg\" data-id=\"18738\" src=\"http:\/\/ivoreya-judo.si.afna.si\/wp-content\/uploads\/DSC_0434-1-1024x680.jpg\" alt=\"\" class=\"wp-image-18738\" srcset=\"http:\/\/ivoreya-judo.si.afna.si\/wp-content\/uploads\/DSC_0434-1-1024x680.jpg 1024w, http:\/\/ivoreya-judo.si.afna.si\/wp-content\/uploads\/DSC_0434-1-300x199.jpg 300w, http:\/\/ivoreya-judo.si.afna.si\/wp-content\/uploads\/DSC_0434-1-768x510.jpg 768w, http:\/\/ivoreya-judo.si.afna.si\/wp-content\/uploads\/DSC_0434-1-1536x1020.jpg 1536w, http:\/\/ivoreya-judo.si.afna.si\/wp-content\/uploads\/DSC_0434-1-624x415.jpg 624w, http:\/\/ivoreya-judo.si.afna.si\/wp-content\/uploads\/DSC_0434-1.jpg 1600w\" sizes=\"auto, (max-width: 1024px) 100vw, 1024px\" \/><\/figure>\n\n\n\n<figure class=\"wp-block-image size-large\"><img loading=\"lazy\" decoding=\"async\" width=\"1024\" height=\"680\" data-attachment-id=\"18737\" data-permalink=\"http:\/\/ivoreya-judo.si.afna.si\/?attachment_id=18737\" data-orig-file=\"http:\/\/ivoreya-judo.si.afna.si\/wp-content\/uploads\/DSC_0432.jpg\" data-orig-size=\"1600,1063\" data-comments-opened=\"0\" data-image-meta=\"{&quot;aperture&quot;:&quot;5&quot;,&quot;credit&quot;:&quot;Picasa&quot;,&quot;camera&quot;:&quot;NIKON D90&quot;,&quot;caption&quot;:&quot;&quot;,&quot;created_timestamp&quot;:&quot;1744546675&quot;,&quot;copyright&quot;:&quot;&quot;,&quot;focal_length&quot;:&quot;58&quot;,&quot;iso&quot;:&quot;800&quot;,&quot;shutter_speed&quot;:&quot;0.0125&quot;,&quot;title&quot;:&quot;&quot;,&quot;orientation&quot;:&quot;0&quot;}\" data-image-title=\"DSC_0432\" data-image-description=\"\" data-image-caption=\"\" data-medium-file=\"http:\/\/ivoreya-judo.si.afna.si\/wp-content\/uploads\/DSC_0432-300x199.jpg\" data-large-file=\"http:\/\/ivoreya-judo.si.afna.si\/wp-content\/uploads\/DSC_0432-1024x680.jpg\" data-id=\"18737\" src=\"http:\/\/ivoreya-judo.si.afna.si\/wp-content\/uploads\/DSC_0432-1024x680.jpg\" alt=\"\" class=\"wp-image-18737\" srcset=\"http:\/\/ivoreya-judo.si.afna.si\/wp-content\/uploads\/DSC_0432-1024x680.jpg 1024w, http:\/\/ivoreya-judo.si.afna.si\/wp-content\/uploads\/DSC_0432-300x199.jpg 300w, http:\/\/ivoreya-judo.si.afna.si\/wp-content\/uploads\/DSC_0432-768x510.jpg 768w, http:\/\/ivoreya-judo.si.afna.si\/wp-content\/uploads\/DSC_0432-1536x1020.jpg 1536w, http:\/\/ivoreya-judo.si.afna.si\/wp-content\/uploads\/DSC_0432-624x415.jpg 624w, http:\/\/ivoreya-judo.si.afna.si\/wp-content\/uploads\/DSC_0432.jpg 1600w\" sizes=\"auto, (max-width: 1024px) 100vw, 1024px\" \/><\/figure>\n\n\n\n<figure class=\"wp-block-image size-large\"><img loading=\"lazy\" decoding=\"async\" width=\"1024\" height=\"680\" data-attachment-id=\"18735\" data-permalink=\"http:\/\/ivoreya-judo.si.afna.si\/?attachment_id=18735\" data-orig-file=\"http:\/\/ivoreya-judo.si.afna.si\/wp-content\/uploads\/DSC_0430.jpg\" data-orig-size=\"1600,1063\" data-comments-opened=\"0\" data-image-meta=\"{&quot;aperture&quot;:&quot;5.3&quot;,&quot;credit&quot;:&quot;Picasa&quot;,&quot;camera&quot;:&quot;NIKON D90&quot;,&quot;caption&quot;:&quot;&quot;,&quot;created_timestamp&quot;:&quot;1744546392&quot;,&quot;copyright&quot;:&quot;&quot;,&quot;focal_length&quot;:&quot;75&quot;,&quot;iso&quot;:&quot;800&quot;,&quot;shutter_speed&quot;:&quot;0.025&quot;,&quot;title&quot;:&quot;&quot;,&quot;orientation&quot;:&quot;0&quot;}\" data-image-title=\"DSC_0430\" data-image-description=\"\" data-image-caption=\"\" data-medium-file=\"http:\/\/ivoreya-judo.si.afna.si\/wp-content\/uploads\/DSC_0430-300x199.jpg\" data-large-file=\"http:\/\/ivoreya-judo.si.afna.si\/wp-content\/uploads\/DSC_0430-1024x680.jpg\" data-id=\"18735\" src=\"http:\/\/ivoreya-judo.si.afna.si\/wp-content\/uploads\/DSC_0430-1024x680.jpg\" alt=\"\" class=\"wp-image-18735\" srcset=\"http:\/\/ivoreya-judo.si.afna.si\/wp-content\/uploads\/DSC_0430-1024x680.jpg 1024w, http:\/\/ivoreya-judo.si.afna.si\/wp-content\/uploads\/DSC_0430-300x199.jpg 300w, http:\/\/ivoreya-judo.si.afna.si\/wp-content\/uploads\/DSC_0430-768x510.jpg 768w, http:\/\/ivoreya-judo.si.afna.si\/wp-content\/uploads\/DSC_0430-1536x1020.jpg 1536w, http:\/\/ivoreya-judo.si.afna.si\/wp-content\/uploads\/DSC_0430-624x415.jpg 624w, http:\/\/ivoreya-judo.si.afna.si\/wp-content\/uploads\/DSC_0430.jpg 1600w\" sizes=\"auto, (max-width: 1024px) 100vw, 1024px\" \/><\/figure>\n\n\n\n<figure class=\"wp-block-image size-large\"><img loading=\"lazy\" decoding=\"async\" width=\"1024\" height=\"680\" data-attachment-id=\"18733\" data-permalink=\"http:\/\/ivoreya-judo.si.afna.si\/?attachment_id=18733\" data-orig-file=\"http:\/\/ivoreya-judo.si.afna.si\/wp-content\/uploads\/DSC_0429.jpg\" data-orig-size=\"1600,1063\" data-comments-opened=\"0\" data-image-meta=\"{&quot;aperture&quot;:&quot;4.5&quot;,&quot;credit&quot;:&quot;Picasa&quot;,&quot;camera&quot;:&quot;NIKON D90&quot;,&quot;caption&quot;:&quot;&quot;,&quot;created_timestamp&quot;:&quot;1744546390&quot;,&quot;copyright&quot;:&quot;&quot;,&quot;focal_length&quot;:&quot;40&quot;,&quot;iso&quot;:&quot;800&quot;,&quot;shutter_speed&quot;:&quot;0.016666666666667&quot;,&quot;title&quot;:&quot;&quot;,&quot;orientation&quot;:&quot;0&quot;}\" data-image-title=\"DSC_0429\" data-image-description=\"\" data-image-caption=\"\" data-medium-file=\"http:\/\/ivoreya-judo.si.afna.si\/wp-content\/uploads\/DSC_0429-300x199.jpg\" data-large-file=\"http:\/\/ivoreya-judo.si.afna.si\/wp-content\/uploads\/DSC_0429-1024x680.jpg\" data-id=\"18733\" src=\"http:\/\/ivoreya-judo.si.afna.si\/wp-content\/uploads\/DSC_0429-1024x680.jpg\" alt=\"\" class=\"wp-image-18733\" srcset=\"http:\/\/ivoreya-judo.si.afna.si\/wp-content\/uploads\/DSC_0429-1024x680.jpg 1024w, http:\/\/ivoreya-judo.si.afna.si\/wp-content\/uploads\/DSC_0429-300x199.jpg 300w, http:\/\/ivoreya-judo.si.afna.si\/wp-content\/uploads\/DSC_0429-768x510.jpg 768w, http:\/\/ivoreya-judo.si.afna.si\/wp-content\/uploads\/DSC_0429-1536x1020.jpg 1536w, http:\/\/ivoreya-judo.si.afna.si\/wp-content\/uploads\/DSC_0429-624x415.jpg 624w, http:\/\/ivoreya-judo.si.afna.si\/wp-content\/uploads\/DSC_0429.jpg 1600w\" sizes=\"auto, (max-width: 1024px) 100vw, 1024px\" \/><\/figure>\n\n\n\n<figure class=\"wp-block-image size-large\"><img loading=\"lazy\" decoding=\"async\" width=\"1024\" height=\"680\" data-attachment-id=\"18730\" data-permalink=\"http:\/\/ivoreya-judo.si.afna.si\/?attachment_id=18730\" data-orig-file=\"http:\/\/ivoreya-judo.si.afna.si\/wp-content\/uploads\/DSC_0425.jpg\" data-orig-size=\"1600,1063\" data-comments-opened=\"0\" data-image-meta=\"{&quot;aperture&quot;:&quot;5.3&quot;,&quot;credit&quot;:&quot;Picasa&quot;,&quot;camera&quot;:&quot;NIKON D90&quot;,&quot;caption&quot;:&quot;&quot;,&quot;created_timestamp&quot;:&quot;1744546249&quot;,&quot;copyright&quot;:&quot;&quot;,&quot;focal_length&quot;:&quot;62&quot;,&quot;iso&quot;:&quot;800&quot;,&quot;shutter_speed&quot;:&quot;0.02&quot;,&quot;title&quot;:&quot;&quot;,&quot;orientation&quot;:&quot;0&quot;}\" data-image-title=\"DSC_0425\" data-image-description=\"\" data-image-caption=\"\" data-medium-file=\"http:\/\/ivoreya-judo.si.afna.si\/wp-content\/uploads\/DSC_0425-300x199.jpg\" data-large-file=\"http:\/\/ivoreya-judo.si.afna.si\/wp-content\/uploads\/DSC_0425-1024x680.jpg\" data-id=\"18730\" src=\"http:\/\/ivoreya-judo.si.afna.si\/wp-content\/uploads\/DSC_0425-1024x680.jpg\" alt=\"\" class=\"wp-image-18730\" srcset=\"http:\/\/ivoreya-judo.si.afna.si\/wp-content\/uploads\/DSC_0425-1024x680.jpg 1024w, http:\/\/ivoreya-judo.si.afna.si\/wp-content\/uploads\/DSC_0425-300x199.jpg 300w, http:\/\/ivoreya-judo.si.afna.si\/wp-content\/uploads\/DSC_0425-768x510.jpg 768w, http:\/\/ivoreya-judo.si.afna.si\/wp-content\/uploads\/DSC_0425-1536x1020.jpg 1536w, http:\/\/ivoreya-judo.si.afna.si\/wp-content\/uploads\/DSC_0425-624x415.jpg 624w, http:\/\/ivoreya-judo.si.afna.si\/wp-content\/uploads\/DSC_0425.jpg 1600w\" sizes=\"auto, (max-width: 1024px) 100vw, 1024px\" \/><\/figure>\n\n\n\n<figure class=\"wp-block-image size-large\"><img loading=\"lazy\" decoding=\"async\" width=\"1024\" height=\"680\" data-attachment-id=\"18729\" data-permalink=\"http:\/\/ivoreya-judo.si.afna.si\/?attachment_id=18729\" data-orig-file=\"http:\/\/ivoreya-judo.si.afna.si\/wp-content\/uploads\/DSC_0424.jpg\" data-orig-size=\"1600,1063\" data-comments-opened=\"0\" data-image-meta=\"{&quot;aperture&quot;:&quot;4.2&quot;,&quot;credit&quot;:&quot;Picasa&quot;,&quot;camera&quot;:&quot;NIKON D90&quot;,&quot;caption&quot;:&quot;&quot;,&quot;created_timestamp&quot;:&quot;1744546247&quot;,&quot;copyright&quot;:&quot;&quot;,&quot;focal_length&quot;:&quot;32&quot;,&quot;iso&quot;:&quot;800&quot;,&quot;shutter_speed&quot;:&quot;0.0125&quot;,&quot;title&quot;:&quot;&quot;,&quot;orientation&quot;:&quot;0&quot;}\" data-image-title=\"DSC_0424\" data-image-description=\"\" data-image-caption=\"\" data-medium-file=\"http:\/\/ivoreya-judo.si.afna.si\/wp-content\/uploads\/DSC_0424-300x199.jpg\" data-large-file=\"http:\/\/ivoreya-judo.si.afna.si\/wp-content\/uploads\/DSC_0424-1024x680.jpg\" data-id=\"18729\" src=\"http:\/\/ivoreya-judo.si.afna.si\/wp-content\/uploads\/DSC_0424-1024x680.jpg\" alt=\"\" class=\"wp-image-18729\" srcset=\"http:\/\/ivoreya-judo.si.afna.si\/wp-content\/uploads\/DSC_0424-1024x680.jpg 1024w, http:\/\/ivoreya-judo.si.afna.si\/wp-content\/uploads\/DSC_0424-300x199.jpg 300w, http:\/\/ivoreya-judo.si.afna.si\/wp-content\/uploads\/DSC_0424-768x510.jpg 768w, http:\/\/ivoreya-judo.si.afna.si\/wp-content\/uploads\/DSC_0424-1536x1020.jpg 1536w, http:\/\/ivoreya-judo.si.afna.si\/wp-content\/uploads\/DSC_0424-624x415.jpg 624w, http:\/\/ivoreya-judo.si.afna.si\/wp-content\/uploads\/DSC_0424.jpg 1600w\" sizes=\"auto, (max-width: 1024px) 100vw, 1024px\" \/><\/figure>\n\n\n\n<figure class=\"wp-block-image size-large\"><img loading=\"lazy\" decoding=\"async\" width=\"680\" height=\"1024\" data-attachment-id=\"18726\" data-permalink=\"http:\/\/ivoreya-judo.si.afna.si\/?attachment_id=18726\" data-orig-file=\"http:\/\/ivoreya-judo.si.afna.si\/wp-content\/uploads\/DSC_0421.jpg\" data-orig-size=\"1063,1600\" data-comments-opened=\"0\" data-image-meta=\"{&quot;aperture&quot;:&quot;5.6&quot;,&quot;credit&quot;:&quot;Picasa&quot;,&quot;camera&quot;:&quot;NIKON D90&quot;,&quot;caption&quot;:&quot;&quot;,&quot;created_timestamp&quot;:&quot;1744546233&quot;,&quot;copyright&quot;:&quot;&quot;,&quot;focal_length&quot;:&quot;90&quot;,&quot;iso&quot;:&quot;800&quot;,&quot;shutter_speed&quot;:&quot;0.02&quot;,&quot;title&quot;:&quot;&quot;,&quot;orientation&quot;:&quot;0&quot;}\" data-image-title=\"DSC_0421\" data-image-description=\"\" data-image-caption=\"\" data-medium-file=\"http:\/\/ivoreya-judo.si.afna.si\/wp-content\/uploads\/DSC_0421-199x300.jpg\" data-large-file=\"http:\/\/ivoreya-judo.si.afna.si\/wp-content\/uploads\/DSC_0421-680x1024.jpg\" data-id=\"18726\" src=\"http:\/\/ivoreya-judo.si.afna.si\/wp-content\/uploads\/DSC_0421-680x1024.jpg\" alt=\"\" class=\"wp-image-18726\" srcset=\"http:\/\/ivoreya-judo.si.afna.si\/wp-content\/uploads\/DSC_0421-680x1024.jpg 680w, http:\/\/ivoreya-judo.si.afna.si\/wp-content\/uploads\/DSC_0421-199x300.jpg 199w, http:\/\/ivoreya-judo.si.afna.si\/wp-content\/uploads\/DSC_0421-768x1156.jpg 768w, http:\/\/ivoreya-judo.si.afna.si\/wp-content\/uploads\/DSC_0421-1020x1536.jpg 1020w, http:\/\/ivoreya-judo.si.afna.si\/wp-content\/uploads\/DSC_0421-624x939.jpg 624w, http:\/\/ivoreya-judo.si.afna.si\/wp-content\/uploads\/DSC_0421.jpg 1063w\" sizes=\"auto, (max-width: 680px) 100vw, 680px\" \/><\/figure>\n\n\n\n<figure class=\"wp-block-image size-large\"><img loading=\"lazy\" decoding=\"async\" width=\"1024\" height=\"680\" data-attachment-id=\"18724\" data-permalink=\"http:\/\/ivoreya-judo.si.afna.si\/?attachment_id=18724\" data-orig-file=\"http:\/\/ivoreya-judo.si.afna.si\/wp-content\/uploads\/DSC_0420.jpg\" data-orig-size=\"1600,1063\" data-comments-opened=\"0\" data-image-meta=\"{&quot;aperture&quot;:&quot;3.5&quot;,&quot;credit&quot;:&quot;Picasa&quot;,&quot;camera&quot;:&quot;NIKON D90&quot;,&quot;caption&quot;:&quot;&quot;,&quot;created_timestamp&quot;:&quot;1744539220&quot;,&quot;copyright&quot;:&quot;&quot;,&quot;focal_length&quot;:&quot;18&quot;,&quot;iso&quot;:&quot;800&quot;,&quot;shutter_speed&quot;:&quot;0.008&quot;,&quot;title&quot;:&quot;&quot;,&quot;orientation&quot;:&quot;0&quot;}\" data-image-title=\"DSC_0420\" data-image-description=\"\" data-image-caption=\"\" data-medium-file=\"http:\/\/ivoreya-judo.si.afna.si\/wp-content\/uploads\/DSC_0420-300x199.jpg\" data-large-file=\"http:\/\/ivoreya-judo.si.afna.si\/wp-content\/uploads\/DSC_0420-1024x680.jpg\" data-id=\"18724\" src=\"http:\/\/ivoreya-judo.si.afna.si\/wp-content\/uploads\/DSC_0420-1024x680.jpg\" alt=\"\" class=\"wp-image-18724\" srcset=\"http:\/\/ivoreya-judo.si.afna.si\/wp-content\/uploads\/DSC_0420-1024x680.jpg 1024w, http:\/\/ivoreya-judo.si.afna.si\/wp-content\/uploads\/DSC_0420-300x199.jpg 300w, http:\/\/ivoreya-judo.si.afna.si\/wp-content\/uploads\/DSC_0420-768x510.jpg 768w, http:\/\/ivoreya-judo.si.afna.si\/wp-content\/uploads\/DSC_0420-1536x1020.jpg 1536w, http:\/\/ivoreya-judo.si.afna.si\/wp-content\/uploads\/DSC_0420-624x415.jpg 624w, http:\/\/ivoreya-judo.si.afna.si\/wp-content\/uploads\/DSC_0420.jpg 1600w\" sizes=\"auto, (max-width: 1024px) 100vw, 1024px\" \/><\/figure>\n\n\n\n<figure class=\"wp-block-image size-large\"><img loading=\"lazy\" decoding=\"async\" width=\"1024\" height=\"680\" data-attachment-id=\"18722\" data-permalink=\"http:\/\/ivoreya-judo.si.afna.si\/?attachment_id=18722\" data-orig-file=\"http:\/\/ivoreya-judo.si.afna.si\/wp-content\/uploads\/DSC_0419.jpg\" data-orig-size=\"1600,1063\" data-comments-opened=\"0\" data-image-meta=\"{&quot;aperture&quot;:&quot;5.3&quot;,&quot;credit&quot;:&quot;Picasa&quot;,&quot;camera&quot;:&quot;NIKON D90&quot;,&quot;caption&quot;:&quot;&quot;,&quot;created_timestamp&quot;:&quot;1744539136&quot;,&quot;copyright&quot;:&quot;&quot;,&quot;focal_length&quot;:&quot;80&quot;,&quot;iso&quot;:&quot;800&quot;,&quot;shutter_speed&quot;:&quot;0.016666666666667&quot;,&quot;title&quot;:&quot;&quot;,&quot;orientation&quot;:&quot;0&quot;}\" data-image-title=\"DSC_0419\" data-image-description=\"\" data-image-caption=\"\" data-medium-file=\"http:\/\/ivoreya-judo.si.afna.si\/wp-content\/uploads\/DSC_0419-300x199.jpg\" data-large-file=\"http:\/\/ivoreya-judo.si.afna.si\/wp-content\/uploads\/DSC_0419-1024x680.jpg\" data-id=\"18722\" src=\"http:\/\/ivoreya-judo.si.afna.si\/wp-content\/uploads\/DSC_0419-1024x680.jpg\" alt=\"\" class=\"wp-image-18722\" srcset=\"http:\/\/ivoreya-judo.si.afna.si\/wp-content\/uploads\/DSC_0419-1024x680.jpg 1024w, http:\/\/ivoreya-judo.si.afna.si\/wp-content\/uploads\/DSC_0419-300x199.jpg 300w, http:\/\/ivoreya-judo.si.afna.si\/wp-content\/uploads\/DSC_0419-768x510.jpg 768w, http:\/\/ivoreya-judo.si.afna.si\/wp-content\/uploads\/DSC_0419-1536x1020.jpg 1536w, http:\/\/ivoreya-judo.si.afna.si\/wp-content\/uploads\/DSC_0419-624x415.jpg 624w, http:\/\/ivoreya-judo.si.afna.si\/wp-content\/uploads\/DSC_0419.jpg 1600w\" sizes=\"auto, (max-width: 1024px) 100vw, 1024px\" \/><\/figure>\n\n\n\n<figure class=\"wp-block-image size-large\"><img loading=\"lazy\" decoding=\"async\" width=\"1024\" height=\"680\" data-attachment-id=\"18720\" data-permalink=\"http:\/\/ivoreya-judo.si.afna.si\/?attachment_id=18720\" data-orig-file=\"http:\/\/ivoreya-judo.si.afna.si\/wp-content\/uploads\/DSC_0417-1.jpg\" data-orig-size=\"1600,1063\" data-comments-opened=\"0\" data-image-meta=\"{&quot;aperture&quot;:&quot;5.6&quot;,&quot;credit&quot;:&quot;Picasa&quot;,&quot;camera&quot;:&quot;NIKON D90&quot;,&quot;caption&quot;:&quot;&quot;,&quot;created_timestamp&quot;:&quot;1744539107&quot;,&quot;copyright&quot;:&quot;&quot;,&quot;focal_length&quot;:&quot;105&quot;,&quot;iso&quot;:&quot;800&quot;,&quot;shutter_speed&quot;:&quot;0.016666666666667&quot;,&quot;title&quot;:&quot;&quot;,&quot;orientation&quot;:&quot;0&quot;}\" data-image-title=\"DSC_0417\" data-image-description=\"\" data-image-caption=\"\" data-medium-file=\"http:\/\/ivoreya-judo.si.afna.si\/wp-content\/uploads\/DSC_0417-1-300x199.jpg\" data-large-file=\"http:\/\/ivoreya-judo.si.afna.si\/wp-content\/uploads\/DSC_0417-1-1024x680.jpg\" data-id=\"18720\" src=\"http:\/\/ivoreya-judo.si.afna.si\/wp-content\/uploads\/DSC_0417-1-1024x680.jpg\" alt=\"\" class=\"wp-image-18720\" srcset=\"http:\/\/ivoreya-judo.si.afna.si\/wp-content\/uploads\/DSC_0417-1-1024x680.jpg 1024w, http:\/\/ivoreya-judo.si.afna.si\/wp-content\/uploads\/DSC_0417-1-300x199.jpg 300w, http:\/\/ivoreya-judo.si.afna.si\/wp-content\/uploads\/DSC_0417-1-768x510.jpg 768w, http:\/\/ivoreya-judo.si.afna.si\/wp-content\/uploads\/DSC_0417-1-1536x1020.jpg 1536w, http:\/\/ivoreya-judo.si.afna.si\/wp-content\/uploads\/DSC_0417-1-624x415.jpg 624w, http:\/\/ivoreya-judo.si.afna.si\/wp-content\/uploads\/DSC_0417-1.jpg 1600w\" sizes=\"auto, (max-width: 1024px) 100vw, 1024px\" \/><\/figure>\n<\/figure>\n\n\n\n<figure class=\"wp-block-gallery has-nested-images columns-default is-cropped wp-block-gallery-2 is-layout-flex wp-block-gallery-is-layout-flex\"><\/figure>\n","protected":false},"excerpt":{"rendered":"<p>V nedeljo smo se odpravili v Ptuj z na\u0161imi mlaj\u0161imi de\u010dki in ml. deklicami. Na turnirju je nastopilo pet na\u0161i tekmovalcev. Vsi so pokazali lepe borbe in dober napredek v svojem znanju. Domov smo prinesli \u0161tiri medalje. REZULTATI Tajra DEMIROVI\u0106 -33 kg 3. mesto Vanesa VRBNJAK -40 kg 2. mesto Aleks DIZDAREVI\u0106 -35 kg 3. [&hellip;]<\/p>\n","protected":false},"author":2,"featured_media":0,"comment_status":"closed","ping_status":"open","sticky":false,"template":"","format":"standard","meta":{"ngg_post_thumbnail":0,"_jetpack_newsletter_access":"","_jetpack_dont_email_post_to_subs":true,"_jetpack_newsletter_tier_id":0,"_jetpack_memberships_contains_paywalled_content":false,"_jetpack_memberships_contains_paid_content":false,"footnotes":""},"categories":[1],"tags":[],"class_list":["post-18748","post","type-post","status-publish","format-standard","hentry","category-uncategorized"],"jetpack_featured_media_url":"","jetpack_shortlink":"https:\/\/wp.me\/p345DH-4So","jetpack_sharing_enabled":true,"_links":{"self":[{"href":"http:\/\/ivoreya-judo.si.afna.si\/index.php?rest_route=\/wp\/v2\/posts\/18748","targetHints":{"allow":["GET"]}}],"collection":[{"href":"http:\/\/ivoreya-judo.si.afna.si\/index.php?rest_route=\/wp\/v2\/posts"}],"about":[{"href":"http:\/\/ivoreya-judo.si.afna.si\/index.php?rest_route=\/wp\/v2\/types\/post"}],"author":[{"embeddable":true,"href":"http:\/\/ivoreya-judo.si.afna.si\/index.php?rest_route=\/wp\/v2\/users\/2"}],"replies":[{"embeddable":true,"href":"http:\/\/ivoreya-judo.si.afna.si\/index.php?rest_route=%2Fwp%2Fv2%2Fcomments&post=18748"}],"version-history":[{"count":1,"href":"http:\/\/ivoreya-judo.si.afna.si\/index.php?rest_route=\/wp\/v2\/posts\/18748\/revisions"}],"predecessor-version":[{"id":18749,"href":"http:\/\/ivoreya-judo.si.afna.si\/index.php?rest_route=\/wp\/v2\/posts\/18748\/revisions\/18749"}],"wp:attachment":[{"href":"http:\/\/ivoreya-judo.si.afna.si\/index.php?rest_route=%2Fwp%2Fv2%2Fmedia&parent=18748"}],"wp:term":[{"taxonomy":"category","embeddable":true,"href":"http:\/\/ivoreya-judo.si.afna.si\/index.php?rest_route=%2Fwp%2Fv2%2Fcategories&post=18748"},{"taxonomy":"post_tag","embeddable":true,"href":"http:\/\/ivoreya-judo.si.afna.si\/index.php?rest_route=%2Fwp%2Fv2%2Ftags&post=18748"}],"curies":[{"name":"wp","href":"https:\/\/api.w.org\/{rel}","templated":true}]}}