{"id":18835,"date":"2025-06-22T13:53:33","date_gmt":"2025-06-22T12:53:33","guid":{"rendered":"http:\/\/ivoreya-judo.si.afna.si\/?p=18835"},"modified":"2025-06-22T13:53:34","modified_gmt":"2025-06-22T12:53:34","slug":"vojaski-park-zgodovine","status":"publish","type":"post","link":"http:\/\/ivoreya-judo.si.afna.si\/?p=18835","title":{"rendered":"VOJA\u0160KI PARK ZGODOVINE"},"content":{"rendered":"\n<p>VOJA\u0160KI PARK ZGODOVINE, 21.06.&#8217;25, Pivka, SLO<\/p>\n\n\n\n<p>V\u010deraj smo si \u0161li ogledati voja\u0161ki park zgodovine v Pivki. Imeli smo lepo vreme in ogledali smo si zanimive stvari. Ogledali smo si notranjost vohunske podmornice in policijskega \u010dolna P-111.<br>Zahvaljujem se Gegatu in \u017danu, da sta si vzela \u010das in pomagala pri prevozih in za dru\u017eenje.<br>Izjemna hvala trenerju Maio Rudlu (Jk Apolon), da nam je posodil kombi in nam olaj\u0161al logistiko glede prevoza.<\/p>\n\n\n\n<figure class=\"wp-block-gallery has-nested-images columns-default is-cropped wp-block-gallery-1 is-layout-flex wp-block-gallery-is-layout-flex\">\n<figure class=\"wp-block-image size-large\"><img loading=\"lazy\" decoding=\"async\" width=\"1024\" height=\"680\" data-attachment-id=\"18836\" data-permalink=\"http:\/\/ivoreya-judo.si.afna.si\/?attachment_id=18836\" data-orig-file=\"http:\/\/ivoreya-judo.si.afna.si\/wp-content\/uploads\/DSC_0085.jpg\" data-orig-size=\"1600,1063\" data-comments-opened=\"0\" data-image-meta=\"{&quot;aperture&quot;:&quot;5&quot;,&quot;credit&quot;:&quot;Picasa&quot;,&quot;camera&quot;:&quot;NIKON D90&quot;,&quot;caption&quot;:&quot;&quot;,&quot;created_timestamp&quot;:&quot;1750500632&quot;,&quot;copyright&quot;:&quot;&quot;,&quot;focal_length&quot;:&quot;18&quot;,&quot;iso&quot;:&quot;800&quot;,&quot;shutter_speed&quot;:&quot;0.1&quot;,&quot;title&quot;:&quot;&quot;,&quot;orientation&quot;:&quot;0&quot;}\" data-image-title=\"DSC_0085\" data-image-description=\"\" data-image-caption=\"\" data-medium-file=\"http:\/\/ivoreya-judo.si.afna.si\/wp-content\/uploads\/DSC_0085-300x199.jpg\" data-large-file=\"http:\/\/ivoreya-judo.si.afna.si\/wp-content\/uploads\/DSC_0085-1024x680.jpg\" data-id=\"18836\" src=\"http:\/\/ivoreya-judo.si.afna.si\/wp-content\/uploads\/DSC_0085-1024x680.jpg\" alt=\"\" class=\"wp-image-18836\" srcset=\"http:\/\/ivoreya-judo.si.afna.si\/wp-content\/uploads\/DSC_0085-1024x680.jpg 1024w, http:\/\/ivoreya-judo.si.afna.si\/wp-content\/uploads\/DSC_0085-300x199.jpg 300w, http:\/\/ivoreya-judo.si.afna.si\/wp-content\/uploads\/DSC_0085-768x510.jpg 768w, http:\/\/ivoreya-judo.si.afna.si\/wp-content\/uploads\/DSC_0085-1536x1020.jpg 1536w, http:\/\/ivoreya-judo.si.afna.si\/wp-content\/uploads\/DSC_0085-624x415.jpg 624w, http:\/\/ivoreya-judo.si.afna.si\/wp-content\/uploads\/DSC_0085.jpg 1600w\" sizes=\"auto, (max-width: 1024px) 100vw, 1024px\" \/><\/figure>\n\n\n\n<figure class=\"wp-block-image size-large\"><img loading=\"lazy\" decoding=\"async\" width=\"1024\" height=\"680\" data-attachment-id=\"18837\" data-permalink=\"http:\/\/ivoreya-judo.si.afna.si\/?attachment_id=18837\" data-orig-file=\"http:\/\/ivoreya-judo.si.afna.si\/wp-content\/uploads\/DSC_0088-1.jpg\" data-orig-size=\"1600,1063\" data-comments-opened=\"0\" data-image-meta=\"{&quot;aperture&quot;:&quot;5&quot;,&quot;credit&quot;:&quot;Picasa&quot;,&quot;camera&quot;:&quot;NIKON D90&quot;,&quot;caption&quot;:&quot;&quot;,&quot;created_timestamp&quot;:&quot;1750500647&quot;,&quot;copyright&quot;:&quot;&quot;,&quot;focal_length&quot;:&quot;22&quot;,&quot;iso&quot;:&quot;800&quot;,&quot;shutter_speed&quot;:&quot;0.016666666666667&quot;,&quot;title&quot;:&quot;&quot;,&quot;orientation&quot;:&quot;0&quot;}\" data-image-title=\"DSC_0088\" data-image-description=\"\" data-image-caption=\"\" data-medium-file=\"http:\/\/ivoreya-judo.si.afna.si\/wp-content\/uploads\/DSC_0088-1-300x199.jpg\" data-large-file=\"http:\/\/ivoreya-judo.si.afna.si\/wp-content\/uploads\/DSC_0088-1-1024x680.jpg\" data-id=\"18837\" src=\"http:\/\/ivoreya-judo.si.afna.si\/wp-content\/uploads\/DSC_0088-1-1024x680.jpg\" alt=\"\" class=\"wp-image-18837\" srcset=\"http:\/\/ivoreya-judo.si.afna.si\/wp-content\/uploads\/DSC_0088-1-1024x680.jpg 1024w, http:\/\/ivoreya-judo.si.afna.si\/wp-content\/uploads\/DSC_0088-1-300x199.jpg 300w, http:\/\/ivoreya-judo.si.afna.si\/wp-content\/uploads\/DSC_0088-1-768x510.jpg 768w, http:\/\/ivoreya-judo.si.afna.si\/wp-content\/uploads\/DSC_0088-1-1536x1020.jpg 1536w, http:\/\/ivoreya-judo.si.afna.si\/wp-content\/uploads\/DSC_0088-1-624x415.jpg 624w, http:\/\/ivoreya-judo.si.afna.si\/wp-content\/uploads\/DSC_0088-1.jpg 1600w\" sizes=\"auto, (max-width: 1024px) 100vw, 1024px\" \/><\/figure>\n\n\n\n<figure class=\"wp-block-image size-large\"><img loading=\"lazy\" decoding=\"async\" width=\"1024\" height=\"680\" data-attachment-id=\"18838\" data-permalink=\"http:\/\/ivoreya-judo.si.afna.si\/?attachment_id=18838\" data-orig-file=\"http:\/\/ivoreya-judo.si.afna.si\/wp-content\/uploads\/DSC_0095.jpg\" data-orig-size=\"1600,1063\" data-comments-opened=\"0\" data-image-meta=\"{&quot;aperture&quot;:&quot;5&quot;,&quot;credit&quot;:&quot;Picasa&quot;,&quot;camera&quot;:&quot;NIKON D90&quot;,&quot;caption&quot;:&quot;&quot;,&quot;created_timestamp&quot;:&quot;1750501731&quot;,&quot;copyright&quot;:&quot;&quot;,&quot;focal_length&quot;:&quot;18&quot;,&quot;iso&quot;:&quot;800&quot;,&quot;shutter_speed&quot;:&quot;0.016666666666667&quot;,&quot;title&quot;:&quot;&quot;,&quot;orientation&quot;:&quot;0&quot;}\" data-image-title=\"DSC_0095\" data-image-description=\"\" data-image-caption=\"\" data-medium-file=\"http:\/\/ivoreya-judo.si.afna.si\/wp-content\/uploads\/DSC_0095-300x199.jpg\" data-large-file=\"http:\/\/ivoreya-judo.si.afna.si\/wp-content\/uploads\/DSC_0095-1024x680.jpg\" data-id=\"18838\" src=\"http:\/\/ivoreya-judo.si.afna.si\/wp-content\/uploads\/DSC_0095-1024x680.jpg\" alt=\"\" class=\"wp-image-18838\" srcset=\"http:\/\/ivoreya-judo.si.afna.si\/wp-content\/uploads\/DSC_0095-1024x680.jpg 1024w, http:\/\/ivoreya-judo.si.afna.si\/wp-content\/uploads\/DSC_0095-300x199.jpg 300w, http:\/\/ivoreya-judo.si.afna.si\/wp-content\/uploads\/DSC_0095-768x510.jpg 768w, http:\/\/ivoreya-judo.si.afna.si\/wp-content\/uploads\/DSC_0095-1536x1020.jpg 1536w, http:\/\/ivoreya-judo.si.afna.si\/wp-content\/uploads\/DSC_0095-624x415.jpg 624w, http:\/\/ivoreya-judo.si.afna.si\/wp-content\/uploads\/DSC_0095.jpg 1600w\" sizes=\"auto, (max-width: 1024px) 100vw, 1024px\" \/><\/figure>\n\n\n\n<figure class=\"wp-block-image size-large\"><img loading=\"lazy\" decoding=\"async\" width=\"1024\" height=\"680\" data-attachment-id=\"18839\" data-permalink=\"http:\/\/ivoreya-judo.si.afna.si\/?attachment_id=18839\" data-orig-file=\"http:\/\/ivoreya-judo.si.afna.si\/wp-content\/uploads\/DSC_0097.jpg\" data-orig-size=\"1600,1063\" data-comments-opened=\"0\" data-image-meta=\"{&quot;aperture&quot;:&quot;5&quot;,&quot;credit&quot;:&quot;Picasa&quot;,&quot;camera&quot;:&quot;NIKON D90&quot;,&quot;caption&quot;:&quot;&quot;,&quot;created_timestamp&quot;:&quot;1750501801&quot;,&quot;copyright&quot;:&quot;&quot;,&quot;focal_length&quot;:&quot;18&quot;,&quot;iso&quot;:&quot;800&quot;,&quot;shutter_speed&quot;:&quot;0.016666666666667&quot;,&quot;title&quot;:&quot;&quot;,&quot;orientation&quot;:&quot;0&quot;}\" data-image-title=\"DSC_0097\" data-image-description=\"\" data-image-caption=\"\" data-medium-file=\"http:\/\/ivoreya-judo.si.afna.si\/wp-content\/uploads\/DSC_0097-300x199.jpg\" data-large-file=\"http:\/\/ivoreya-judo.si.afna.si\/wp-content\/uploads\/DSC_0097-1024x680.jpg\" data-id=\"18839\" src=\"http:\/\/ivoreya-judo.si.afna.si\/wp-content\/uploads\/DSC_0097-1024x680.jpg\" alt=\"\" class=\"wp-image-18839\" srcset=\"http:\/\/ivoreya-judo.si.afna.si\/wp-content\/uploads\/DSC_0097-1024x680.jpg 1024w, http:\/\/ivoreya-judo.si.afna.si\/wp-content\/uploads\/DSC_0097-300x199.jpg 300w, http:\/\/ivoreya-judo.si.afna.si\/wp-content\/uploads\/DSC_0097-768x510.jpg 768w, http:\/\/ivoreya-judo.si.afna.si\/wp-content\/uploads\/DSC_0097-1536x1020.jpg 1536w, http:\/\/ivoreya-judo.si.afna.si\/wp-content\/uploads\/DSC_0097-624x415.jpg 624w, http:\/\/ivoreya-judo.si.afna.si\/wp-content\/uploads\/DSC_0097.jpg 1600w\" sizes=\"auto, (max-width: 1024px) 100vw, 1024px\" \/><\/figure>\n\n\n\n<figure class=\"wp-block-image size-large\"><img loading=\"lazy\" decoding=\"async\" width=\"1024\" height=\"680\" data-attachment-id=\"18841\" data-permalink=\"http:\/\/ivoreya-judo.si.afna.si\/?attachment_id=18841\" data-orig-file=\"http:\/\/ivoreya-judo.si.afna.si\/wp-content\/uploads\/DSC_0100.jpg\" data-orig-size=\"1600,1063\" data-comments-opened=\"0\" data-image-meta=\"{&quot;aperture&quot;:&quot;4.5&quot;,&quot;credit&quot;:&quot;Picasa&quot;,&quot;camera&quot;:&quot;NIKON D90&quot;,&quot;caption&quot;:&quot;&quot;,&quot;created_timestamp&quot;:&quot;1750502470&quot;,&quot;copyright&quot;:&quot;&quot;,&quot;focal_length&quot;:&quot;40&quot;,&quot;iso&quot;:&quot;800&quot;,&quot;shutter_speed&quot;:&quot;0.005&quot;,&quot;title&quot;:&quot;&quot;,&quot;orientation&quot;:&quot;0&quot;}\" data-image-title=\"DSC_0100\" data-image-description=\"\" data-image-caption=\"\" data-medium-file=\"http:\/\/ivoreya-judo.si.afna.si\/wp-content\/uploads\/DSC_0100-300x199.jpg\" data-large-file=\"http:\/\/ivoreya-judo.si.afna.si\/wp-content\/uploads\/DSC_0100-1024x680.jpg\" data-id=\"18841\" src=\"http:\/\/ivoreya-judo.si.afna.si\/wp-content\/uploads\/DSC_0100-1024x680.jpg\" alt=\"\" class=\"wp-image-18841\" srcset=\"http:\/\/ivoreya-judo.si.afna.si\/wp-content\/uploads\/DSC_0100-1024x680.jpg 1024w, http:\/\/ivoreya-judo.si.afna.si\/wp-content\/uploads\/DSC_0100-300x199.jpg 300w, http:\/\/ivoreya-judo.si.afna.si\/wp-content\/uploads\/DSC_0100-768x510.jpg 768w, http:\/\/ivoreya-judo.si.afna.si\/wp-content\/uploads\/DSC_0100-1536x1020.jpg 1536w, http:\/\/ivoreya-judo.si.afna.si\/wp-content\/uploads\/DSC_0100-624x415.jpg 624w, http:\/\/ivoreya-judo.si.afna.si\/wp-content\/uploads\/DSC_0100.jpg 1600w\" sizes=\"auto, (max-width: 1024px) 100vw, 1024px\" \/><\/figure>\n\n\n\n<figure class=\"wp-block-image size-large\"><img loading=\"lazy\" decoding=\"async\" width=\"1024\" height=\"680\" data-attachment-id=\"18840\" data-permalink=\"http:\/\/ivoreya-judo.si.afna.si\/?attachment_id=18840\" data-orig-file=\"http:\/\/ivoreya-judo.si.afna.si\/wp-content\/uploads\/DSC_0102.jpg\" data-orig-size=\"1600,1063\" data-comments-opened=\"0\" data-image-meta=\"{&quot;aperture&quot;:&quot;5&quot;,&quot;credit&quot;:&quot;Picasa&quot;,&quot;camera&quot;:&quot;NIKON D90&quot;,&quot;caption&quot;:&quot;&quot;,&quot;created_timestamp&quot;:&quot;1750502630&quot;,&quot;copyright&quot;:&quot;&quot;,&quot;focal_length&quot;:&quot;18&quot;,&quot;iso&quot;:&quot;800&quot;,&quot;shutter_speed&quot;:&quot;0.1&quot;,&quot;title&quot;:&quot;&quot;,&quot;orientation&quot;:&quot;0&quot;}\" data-image-title=\"DSC_0102\" data-image-description=\"\" data-image-caption=\"\" data-medium-file=\"http:\/\/ivoreya-judo.si.afna.si\/wp-content\/uploads\/DSC_0102-300x199.jpg\" data-large-file=\"http:\/\/ivoreya-judo.si.afna.si\/wp-content\/uploads\/DSC_0102-1024x680.jpg\" data-id=\"18840\" src=\"http:\/\/ivoreya-judo.si.afna.si\/wp-content\/uploads\/DSC_0102-1024x680.jpg\" alt=\"\" class=\"wp-image-18840\" srcset=\"http:\/\/ivoreya-judo.si.afna.si\/wp-content\/uploads\/DSC_0102-1024x680.jpg 1024w, http:\/\/ivoreya-judo.si.afna.si\/wp-content\/uploads\/DSC_0102-300x199.jpg 300w, http:\/\/ivoreya-judo.si.afna.si\/wp-content\/uploads\/DSC_0102-768x510.jpg 768w, http:\/\/ivoreya-judo.si.afna.si\/wp-content\/uploads\/DSC_0102-1536x1020.jpg 1536w, http:\/\/ivoreya-judo.si.afna.si\/wp-content\/uploads\/DSC_0102-624x415.jpg 624w, http:\/\/ivoreya-judo.si.afna.si\/wp-content\/uploads\/DSC_0102.jpg 1600w\" sizes=\"auto, (max-width: 1024px) 100vw, 1024px\" \/><\/figure>\n\n\n\n<figure class=\"wp-block-image size-large\"><img loading=\"lazy\" decoding=\"async\" width=\"1024\" height=\"680\" data-attachment-id=\"18842\" data-permalink=\"http:\/\/ivoreya-judo.si.afna.si\/?attachment_id=18842\" data-orig-file=\"http:\/\/ivoreya-judo.si.afna.si\/wp-content\/uploads\/DSC_0104.jpg\" data-orig-size=\"1600,1063\" data-comments-opened=\"0\" data-image-meta=\"{&quot;aperture&quot;:&quot;5&quot;,&quot;credit&quot;:&quot;Picasa&quot;,&quot;camera&quot;:&quot;NIKON D90&quot;,&quot;caption&quot;:&quot;&quot;,&quot;created_timestamp&quot;:&quot;1750502835&quot;,&quot;copyright&quot;:&quot;&quot;,&quot;focal_length&quot;:&quot;18&quot;,&quot;iso&quot;:&quot;800&quot;,&quot;shutter_speed&quot;:&quot;0.016666666666667&quot;,&quot;title&quot;:&quot;&quot;,&quot;orientation&quot;:&quot;0&quot;}\" data-image-title=\"DSC_0104\" data-image-description=\"\" data-image-caption=\"\" data-medium-file=\"http:\/\/ivoreya-judo.si.afna.si\/wp-content\/uploads\/DSC_0104-300x199.jpg\" data-large-file=\"http:\/\/ivoreya-judo.si.afna.si\/wp-content\/uploads\/DSC_0104-1024x680.jpg\" data-id=\"18842\" src=\"http:\/\/ivoreya-judo.si.afna.si\/wp-content\/uploads\/DSC_0104-1024x680.jpg\" alt=\"\" class=\"wp-image-18842\" srcset=\"http:\/\/ivoreya-judo.si.afna.si\/wp-content\/uploads\/DSC_0104-1024x680.jpg 1024w, http:\/\/ivoreya-judo.si.afna.si\/wp-content\/uploads\/DSC_0104-300x199.jpg 300w, http:\/\/ivoreya-judo.si.afna.si\/wp-content\/uploads\/DSC_0104-768x510.jpg 768w, http:\/\/ivoreya-judo.si.afna.si\/wp-content\/uploads\/DSC_0104-1536x1020.jpg 1536w, http:\/\/ivoreya-judo.si.afna.si\/wp-content\/uploads\/DSC_0104-624x415.jpg 624w, http:\/\/ivoreya-judo.si.afna.si\/wp-content\/uploads\/DSC_0104.jpg 1600w\" sizes=\"auto, (max-width: 1024px) 100vw, 1024px\" \/><\/figure>\n\n\n\n<figure class=\"wp-block-image size-large\"><img loading=\"lazy\" decoding=\"async\" width=\"1024\" height=\"680\" data-attachment-id=\"18843\" data-permalink=\"http:\/\/ivoreya-judo.si.afna.si\/?attachment_id=18843\" data-orig-file=\"http:\/\/ivoreya-judo.si.afna.si\/wp-content\/uploads\/DSC_0105-1.jpg\" data-orig-size=\"1600,1063\" data-comments-opened=\"0\" data-image-meta=\"{&quot;aperture&quot;:&quot;5&quot;,&quot;credit&quot;:&quot;Picasa&quot;,&quot;camera&quot;:&quot;NIKON D90&quot;,&quot;caption&quot;:&quot;&quot;,&quot;created_timestamp&quot;:&quot;1750503101&quot;,&quot;copyright&quot;:&quot;&quot;,&quot;focal_length&quot;:&quot;18&quot;,&quot;iso&quot;:&quot;800&quot;,&quot;shutter_speed&quot;:&quot;0.016666666666667&quot;,&quot;title&quot;:&quot;&quot;,&quot;orientation&quot;:&quot;0&quot;}\" data-image-title=\"DSC_0105\" data-image-description=\"\" data-image-caption=\"\" data-medium-file=\"http:\/\/ivoreya-judo.si.afna.si\/wp-content\/uploads\/DSC_0105-1-300x199.jpg\" data-large-file=\"http:\/\/ivoreya-judo.si.afna.si\/wp-content\/uploads\/DSC_0105-1-1024x680.jpg\" data-id=\"18843\" src=\"http:\/\/ivoreya-judo.si.afna.si\/wp-content\/uploads\/DSC_0105-1-1024x680.jpg\" alt=\"\" class=\"wp-image-18843\" srcset=\"http:\/\/ivoreya-judo.si.afna.si\/wp-content\/uploads\/DSC_0105-1-1024x680.jpg 1024w, http:\/\/ivoreya-judo.si.afna.si\/wp-content\/uploads\/DSC_0105-1-300x199.jpg 300w, http:\/\/ivoreya-judo.si.afna.si\/wp-content\/uploads\/DSC_0105-1-768x510.jpg 768w, http:\/\/ivoreya-judo.si.afna.si\/wp-content\/uploads\/DSC_0105-1-1536x1020.jpg 1536w, http:\/\/ivoreya-judo.si.afna.si\/wp-content\/uploads\/DSC_0105-1-624x415.jpg 624w, http:\/\/ivoreya-judo.si.afna.si\/wp-content\/uploads\/DSC_0105-1.jpg 1600w\" sizes=\"auto, (max-width: 1024px) 100vw, 1024px\" \/><\/figure>\n\n\n\n<figure class=\"wp-block-image size-large\"><img loading=\"lazy\" decoding=\"async\" width=\"1024\" height=\"680\" data-attachment-id=\"18844\" data-permalink=\"http:\/\/ivoreya-judo.si.afna.si\/?attachment_id=18844\" data-orig-file=\"http:\/\/ivoreya-judo.si.afna.si\/wp-content\/uploads\/DSC_0108-1.jpg\" data-orig-size=\"1600,1063\" data-comments-opened=\"0\" data-image-meta=\"{&quot;aperture&quot;:&quot;5&quot;,&quot;credit&quot;:&quot;Picasa&quot;,&quot;camera&quot;:&quot;NIKON D90&quot;,&quot;caption&quot;:&quot;&quot;,&quot;created_timestamp&quot;:&quot;1750503228&quot;,&quot;copyright&quot;:&quot;&quot;,&quot;focal_length&quot;:&quot;18&quot;,&quot;iso&quot;:&quot;800&quot;,&quot;shutter_speed&quot;:&quot;0.016666666666667&quot;,&quot;title&quot;:&quot;&quot;,&quot;orientation&quot;:&quot;0&quot;}\" data-image-title=\"DSC_0108\" data-image-description=\"\" data-image-caption=\"\" data-medium-file=\"http:\/\/ivoreya-judo.si.afna.si\/wp-content\/uploads\/DSC_0108-1-300x199.jpg\" data-large-file=\"http:\/\/ivoreya-judo.si.afna.si\/wp-content\/uploads\/DSC_0108-1-1024x680.jpg\" data-id=\"18844\" src=\"http:\/\/ivoreya-judo.si.afna.si\/wp-content\/uploads\/DSC_0108-1-1024x680.jpg\" alt=\"\" class=\"wp-image-18844\" srcset=\"http:\/\/ivoreya-judo.si.afna.si\/wp-content\/uploads\/DSC_0108-1-1024x680.jpg 1024w, http:\/\/ivoreya-judo.si.afna.si\/wp-content\/uploads\/DSC_0108-1-300x199.jpg 300w, http:\/\/ivoreya-judo.si.afna.si\/wp-content\/uploads\/DSC_0108-1-768x510.jpg 768w, http:\/\/ivoreya-judo.si.afna.si\/wp-content\/uploads\/DSC_0108-1-1536x1020.jpg 1536w, http:\/\/ivoreya-judo.si.afna.si\/wp-content\/uploads\/DSC_0108-1-624x415.jpg 624w, http:\/\/ivoreya-judo.si.afna.si\/wp-content\/uploads\/DSC_0108-1.jpg 1600w\" sizes=\"auto, (max-width: 1024px) 100vw, 1024px\" \/><\/figure>\n\n\n\n<figure class=\"wp-block-image size-large\"><img loading=\"lazy\" decoding=\"async\" width=\"1024\" height=\"680\" data-attachment-id=\"18845\" data-permalink=\"http:\/\/ivoreya-judo.si.afna.si\/?attachment_id=18845\" data-orig-file=\"http:\/\/ivoreya-judo.si.afna.si\/wp-content\/uploads\/DSC_0109.jpg\" data-orig-size=\"1600,1063\" data-comments-opened=\"0\" data-image-meta=\"{&quot;aperture&quot;:&quot;5&quot;,&quot;credit&quot;:&quot;Picasa&quot;,&quot;camera&quot;:&quot;NIKON D90&quot;,&quot;caption&quot;:&quot;&quot;,&quot;created_timestamp&quot;:&quot;1750503281&quot;,&quot;copyright&quot;:&quot;&quot;,&quot;focal_length&quot;:&quot;25&quot;,&quot;iso&quot;:&quot;800&quot;,&quot;shutter_speed&quot;:&quot;0.016666666666667&quot;,&quot;title&quot;:&quot;&quot;,&quot;orientation&quot;:&quot;0&quot;}\" data-image-title=\"DSC_0109\" data-image-description=\"\" data-image-caption=\"\" data-medium-file=\"http:\/\/ivoreya-judo.si.afna.si\/wp-content\/uploads\/DSC_0109-300x199.jpg\" data-large-file=\"http:\/\/ivoreya-judo.si.afna.si\/wp-content\/uploads\/DSC_0109-1024x680.jpg\" data-id=\"18845\" src=\"http:\/\/ivoreya-judo.si.afna.si\/wp-content\/uploads\/DSC_0109-1024x680.jpg\" alt=\"\" class=\"wp-image-18845\" srcset=\"http:\/\/ivoreya-judo.si.afna.si\/wp-content\/uploads\/DSC_0109-1024x680.jpg 1024w, http:\/\/ivoreya-judo.si.afna.si\/wp-content\/uploads\/DSC_0109-300x199.jpg 300w, http:\/\/ivoreya-judo.si.afna.si\/wp-content\/uploads\/DSC_0109-768x510.jpg 768w, http:\/\/ivoreya-judo.si.afna.si\/wp-content\/uploads\/DSC_0109-1536x1020.jpg 1536w, http:\/\/ivoreya-judo.si.afna.si\/wp-content\/uploads\/DSC_0109-624x415.jpg 624w, http:\/\/ivoreya-judo.si.afna.si\/wp-content\/uploads\/DSC_0109.jpg 1600w\" sizes=\"auto, (max-width: 1024px) 100vw, 1024px\" \/><\/figure>\n\n\n\n<figure class=\"wp-block-image size-large\"><img loading=\"lazy\" decoding=\"async\" width=\"1024\" height=\"680\" data-attachment-id=\"18846\" data-permalink=\"http:\/\/ivoreya-judo.si.afna.si\/?attachment_id=18846\" data-orig-file=\"http:\/\/ivoreya-judo.si.afna.si\/wp-content\/uploads\/DSC_0111-2.jpg\" data-orig-size=\"1600,1063\" data-comments-opened=\"0\" data-image-meta=\"{&quot;aperture&quot;:&quot;5&quot;,&quot;credit&quot;:&quot;Picasa&quot;,&quot;camera&quot;:&quot;NIKON D90&quot;,&quot;caption&quot;:&quot;&quot;,&quot;created_timestamp&quot;:&quot;1750503305&quot;,&quot;copyright&quot;:&quot;&quot;,&quot;focal_length&quot;:&quot;21&quot;,&quot;iso&quot;:&quot;800&quot;,&quot;shutter_speed&quot;:&quot;0.016666666666667&quot;,&quot;title&quot;:&quot;&quot;,&quot;orientation&quot;:&quot;0&quot;}\" data-image-title=\"DSC_0111\" data-image-description=\"\" data-image-caption=\"\" data-medium-file=\"http:\/\/ivoreya-judo.si.afna.si\/wp-content\/uploads\/DSC_0111-2-300x199.jpg\" data-large-file=\"http:\/\/ivoreya-judo.si.afna.si\/wp-content\/uploads\/DSC_0111-2-1024x680.jpg\" data-id=\"18846\" src=\"http:\/\/ivoreya-judo.si.afna.si\/wp-content\/uploads\/DSC_0111-2-1024x680.jpg\" alt=\"\" class=\"wp-image-18846\" srcset=\"http:\/\/ivoreya-judo.si.afna.si\/wp-content\/uploads\/DSC_0111-2-1024x680.jpg 1024w, http:\/\/ivoreya-judo.si.afna.si\/wp-content\/uploads\/DSC_0111-2-300x199.jpg 300w, http:\/\/ivoreya-judo.si.afna.si\/wp-content\/uploads\/DSC_0111-2-768x510.jpg 768w, http:\/\/ivoreya-judo.si.afna.si\/wp-content\/uploads\/DSC_0111-2-1536x1020.jpg 1536w, http:\/\/ivoreya-judo.si.afna.si\/wp-content\/uploads\/DSC_0111-2-624x415.jpg 624w, http:\/\/ivoreya-judo.si.afna.si\/wp-content\/uploads\/DSC_0111-2.jpg 1600w\" sizes=\"auto, (max-width: 1024px) 100vw, 1024px\" \/><\/figure>\n\n\n\n<figure class=\"wp-block-image size-large\"><img loading=\"lazy\" decoding=\"async\" width=\"1024\" height=\"680\" data-attachment-id=\"18847\" data-permalink=\"http:\/\/ivoreya-judo.si.afna.si\/?attachment_id=18847\" data-orig-file=\"http:\/\/ivoreya-judo.si.afna.si\/wp-content\/uploads\/DSC_0115.jpg\" data-orig-size=\"1600,1063\" data-comments-opened=\"0\" data-image-meta=\"{&quot;aperture&quot;:&quot;5&quot;,&quot;credit&quot;:&quot;Picasa&quot;,&quot;camera&quot;:&quot;NIKON D90&quot;,&quot;caption&quot;:&quot;&quot;,&quot;created_timestamp&quot;:&quot;1750504274&quot;,&quot;copyright&quot;:&quot;&quot;,&quot;focal_length&quot;:&quot;18&quot;,&quot;iso&quot;:&quot;800&quot;,&quot;shutter_speed&quot;:&quot;0.016666666666667&quot;,&quot;title&quot;:&quot;&quot;,&quot;orientation&quot;:&quot;0&quot;}\" data-image-title=\"DSC_0115\" data-image-description=\"\" data-image-caption=\"\" data-medium-file=\"http:\/\/ivoreya-judo.si.afna.si\/wp-content\/uploads\/DSC_0115-300x199.jpg\" data-large-file=\"http:\/\/ivoreya-judo.si.afna.si\/wp-content\/uploads\/DSC_0115-1024x680.jpg\" data-id=\"18847\" src=\"http:\/\/ivoreya-judo.si.afna.si\/wp-content\/uploads\/DSC_0115-1024x680.jpg\" alt=\"\" class=\"wp-image-18847\" srcset=\"http:\/\/ivoreya-judo.si.afna.si\/wp-content\/uploads\/DSC_0115-1024x680.jpg 1024w, http:\/\/ivoreya-judo.si.afna.si\/wp-content\/uploads\/DSC_0115-300x199.jpg 300w, http:\/\/ivoreya-judo.si.afna.si\/wp-content\/uploads\/DSC_0115-768x510.jpg 768w, http:\/\/ivoreya-judo.si.afna.si\/wp-content\/uploads\/DSC_0115-1536x1020.jpg 1536w, http:\/\/ivoreya-judo.si.afna.si\/wp-content\/uploads\/DSC_0115-624x415.jpg 624w, http:\/\/ivoreya-judo.si.afna.si\/wp-content\/uploads\/DSC_0115.jpg 1600w\" sizes=\"auto, (max-width: 1024px) 100vw, 1024px\" \/><\/figure>\n\n\n\n<figure class=\"wp-block-image size-large\"><img loading=\"lazy\" decoding=\"async\" width=\"1024\" height=\"680\" data-attachment-id=\"18848\" data-permalink=\"http:\/\/ivoreya-judo.si.afna.si\/?attachment_id=18848\" data-orig-file=\"http:\/\/ivoreya-judo.si.afna.si\/wp-content\/uploads\/DSC_0119.jpg\" data-orig-size=\"1600,1063\" data-comments-opened=\"0\" data-image-meta=\"{&quot;aperture&quot;:&quot;5&quot;,&quot;credit&quot;:&quot;Picasa&quot;,&quot;camera&quot;:&quot;NIKON D90&quot;,&quot;caption&quot;:&quot;&quot;,&quot;created_timestamp&quot;:&quot;1750504634&quot;,&quot;copyright&quot;:&quot;&quot;,&quot;focal_length&quot;:&quot;32&quot;,&quot;iso&quot;:&quot;800&quot;,&quot;shutter_speed&quot;:&quot;0.016666666666667&quot;,&quot;title&quot;:&quot;&quot;,&quot;orientation&quot;:&quot;0&quot;}\" data-image-title=\"DSC_0119\" data-image-description=\"\" data-image-caption=\"\" data-medium-file=\"http:\/\/ivoreya-judo.si.afna.si\/wp-content\/uploads\/DSC_0119-300x199.jpg\" data-large-file=\"http:\/\/ivoreya-judo.si.afna.si\/wp-content\/uploads\/DSC_0119-1024x680.jpg\" data-id=\"18848\" src=\"http:\/\/ivoreya-judo.si.afna.si\/wp-content\/uploads\/DSC_0119-1024x680.jpg\" alt=\"\" class=\"wp-image-18848\" srcset=\"http:\/\/ivoreya-judo.si.afna.si\/wp-content\/uploads\/DSC_0119-1024x680.jpg 1024w, http:\/\/ivoreya-judo.si.afna.si\/wp-content\/uploads\/DSC_0119-300x199.jpg 300w, http:\/\/ivoreya-judo.si.afna.si\/wp-content\/uploads\/DSC_0119-768x510.jpg 768w, http:\/\/ivoreya-judo.si.afna.si\/wp-content\/uploads\/DSC_0119-1536x1020.jpg 1536w, http:\/\/ivoreya-judo.si.afna.si\/wp-content\/uploads\/DSC_0119-624x415.jpg 624w, http:\/\/ivoreya-judo.si.afna.si\/wp-content\/uploads\/DSC_0119.jpg 1600w\" sizes=\"auto, (max-width: 1024px) 100vw, 1024px\" \/><\/figure>\n\n\n\n<figure class=\"wp-block-image size-large\"><img loading=\"lazy\" decoding=\"async\" width=\"1024\" height=\"680\" data-attachment-id=\"18849\" data-permalink=\"http:\/\/ivoreya-judo.si.afna.si\/?attachment_id=18849\" data-orig-file=\"http:\/\/ivoreya-judo.si.afna.si\/wp-content\/uploads\/DSC_0121.jpg\" data-orig-size=\"1600,1063\" data-comments-opened=\"0\" data-image-meta=\"{&quot;aperture&quot;:&quot;5&quot;,&quot;credit&quot;:&quot;Picasa&quot;,&quot;camera&quot;:&quot;NIKON D90&quot;,&quot;caption&quot;:&quot;&quot;,&quot;created_timestamp&quot;:&quot;1750504801&quot;,&quot;copyright&quot;:&quot;&quot;,&quot;focal_length&quot;:&quot;18&quot;,&quot;iso&quot;:&quot;800&quot;,&quot;shutter_speed&quot;:&quot;0.016666666666667&quot;,&quot;title&quot;:&quot;&quot;,&quot;orientation&quot;:&quot;0&quot;}\" data-image-title=\"DSC_0121\" data-image-description=\"\" data-image-caption=\"\" data-medium-file=\"http:\/\/ivoreya-judo.si.afna.si\/wp-content\/uploads\/DSC_0121-300x199.jpg\" data-large-file=\"http:\/\/ivoreya-judo.si.afna.si\/wp-content\/uploads\/DSC_0121-1024x680.jpg\" data-id=\"18849\" src=\"http:\/\/ivoreya-judo.si.afna.si\/wp-content\/uploads\/DSC_0121-1024x680.jpg\" alt=\"\" class=\"wp-image-18849\" srcset=\"http:\/\/ivoreya-judo.si.afna.si\/wp-content\/uploads\/DSC_0121-1024x680.jpg 1024w, http:\/\/ivoreya-judo.si.afna.si\/wp-content\/uploads\/DSC_0121-300x199.jpg 300w, http:\/\/ivoreya-judo.si.afna.si\/wp-content\/uploads\/DSC_0121-768x510.jpg 768w, http:\/\/ivoreya-judo.si.afna.si\/wp-content\/uploads\/DSC_0121-1536x1020.jpg 1536w, http:\/\/ivoreya-judo.si.afna.si\/wp-content\/uploads\/DSC_0121-624x415.jpg 624w, http:\/\/ivoreya-judo.si.afna.si\/wp-content\/uploads\/DSC_0121.jpg 1600w\" sizes=\"auto, (max-width: 1024px) 100vw, 1024px\" \/><\/figure>\n\n\n\n<figure class=\"wp-block-image size-large\"><img loading=\"lazy\" decoding=\"async\" width=\"1024\" height=\"680\" data-attachment-id=\"18850\" data-permalink=\"http:\/\/ivoreya-judo.si.afna.si\/?attachment_id=18850\" data-orig-file=\"http:\/\/ivoreya-judo.si.afna.si\/wp-content\/uploads\/DSC_0123.jpg\" data-orig-size=\"1600,1063\" data-comments-opened=\"0\" data-image-meta=\"{&quot;aperture&quot;:&quot;5&quot;,&quot;credit&quot;:&quot;Picasa&quot;,&quot;camera&quot;:&quot;NIKON D90&quot;,&quot;caption&quot;:&quot;&quot;,&quot;created_timestamp&quot;:&quot;1750505512&quot;,&quot;copyright&quot;:&quot;&quot;,&quot;focal_length&quot;:&quot;50&quot;,&quot;iso&quot;:&quot;800&quot;,&quot;shutter_speed&quot;:&quot;0.0004&quot;,&quot;title&quot;:&quot;&quot;,&quot;orientation&quot;:&quot;0&quot;}\" data-image-title=\"DSC_0123\" data-image-description=\"\" data-image-caption=\"\" data-medium-file=\"http:\/\/ivoreya-judo.si.afna.si\/wp-content\/uploads\/DSC_0123-300x199.jpg\" data-large-file=\"http:\/\/ivoreya-judo.si.afna.si\/wp-content\/uploads\/DSC_0123-1024x680.jpg\" data-id=\"18850\" src=\"http:\/\/ivoreya-judo.si.afna.si\/wp-content\/uploads\/DSC_0123-1024x680.jpg\" alt=\"\" class=\"wp-image-18850\" srcset=\"http:\/\/ivoreya-judo.si.afna.si\/wp-content\/uploads\/DSC_0123-1024x680.jpg 1024w, http:\/\/ivoreya-judo.si.afna.si\/wp-content\/uploads\/DSC_0123-300x199.jpg 300w, http:\/\/ivoreya-judo.si.afna.si\/wp-content\/uploads\/DSC_0123-768x510.jpg 768w, http:\/\/ivoreya-judo.si.afna.si\/wp-content\/uploads\/DSC_0123-1536x1020.jpg 1536w, http:\/\/ivoreya-judo.si.afna.si\/wp-content\/uploads\/DSC_0123-624x415.jpg 624w, http:\/\/ivoreya-judo.si.afna.si\/wp-content\/uploads\/DSC_0123.jpg 1600w\" sizes=\"auto, (max-width: 1024px) 100vw, 1024px\" \/><\/figure>\n\n\n\n<figure class=\"wp-block-image size-large\"><img loading=\"lazy\" decoding=\"async\" width=\"1024\" height=\"680\" data-attachment-id=\"18851\" data-permalink=\"http:\/\/ivoreya-judo.si.afna.si\/?attachment_id=18851\" data-orig-file=\"http:\/\/ivoreya-judo.si.afna.si\/wp-content\/uploads\/DSC_0126.jpg\" data-orig-size=\"1600,1063\" data-comments-opened=\"0\" data-image-meta=\"{&quot;aperture&quot;:&quot;5&quot;,&quot;credit&quot;:&quot;Picasa&quot;,&quot;camera&quot;:&quot;NIKON D90&quot;,&quot;caption&quot;:&quot;&quot;,&quot;created_timestamp&quot;:&quot;1750505764&quot;,&quot;copyright&quot;:&quot;&quot;,&quot;focal_length&quot;:&quot;18&quot;,&quot;iso&quot;:&quot;800&quot;,&quot;shutter_speed&quot;:&quot;0.005&quot;,&quot;title&quot;:&quot;&quot;,&quot;orientation&quot;:&quot;0&quot;}\" data-image-title=\"DSC_0126\" data-image-description=\"\" data-image-caption=\"\" data-medium-file=\"http:\/\/ivoreya-judo.si.afna.si\/wp-content\/uploads\/DSC_0126-300x199.jpg\" data-large-file=\"http:\/\/ivoreya-judo.si.afna.si\/wp-content\/uploads\/DSC_0126-1024x680.jpg\" data-id=\"18851\" src=\"http:\/\/ivoreya-judo.si.afna.si\/wp-content\/uploads\/DSC_0126-1024x680.jpg\" alt=\"\" class=\"wp-image-18851\" srcset=\"http:\/\/ivoreya-judo.si.afna.si\/wp-content\/uploads\/DSC_0126-1024x680.jpg 1024w, http:\/\/ivoreya-judo.si.afna.si\/wp-content\/uploads\/DSC_0126-300x199.jpg 300w, http:\/\/ivoreya-judo.si.afna.si\/wp-content\/uploads\/DSC_0126-768x510.jpg 768w, http:\/\/ivoreya-judo.si.afna.si\/wp-content\/uploads\/DSC_0126-1536x1020.jpg 1536w, http:\/\/ivoreya-judo.si.afna.si\/wp-content\/uploads\/DSC_0126-624x415.jpg 624w, http:\/\/ivoreya-judo.si.afna.si\/wp-content\/uploads\/DSC_0126.jpg 1600w\" sizes=\"auto, (max-width: 1024px) 100vw, 1024px\" \/><\/figure>\n\n\n\n<figure class=\"wp-block-image size-large\"><img loading=\"lazy\" decoding=\"async\" width=\"1024\" height=\"680\" data-attachment-id=\"18852\" data-permalink=\"http:\/\/ivoreya-judo.si.afna.si\/?attachment_id=18852\" data-orig-file=\"http:\/\/ivoreya-judo.si.afna.si\/wp-content\/uploads\/DSC_0128.jpg\" data-orig-size=\"1600,1063\" data-comments-opened=\"0\" data-image-meta=\"{&quot;aperture&quot;:&quot;5&quot;,&quot;credit&quot;:&quot;Picasa&quot;,&quot;camera&quot;:&quot;NIKON D90&quot;,&quot;caption&quot;:&quot;&quot;,&quot;created_timestamp&quot;:&quot;1750506000&quot;,&quot;copyright&quot;:&quot;&quot;,&quot;focal_length&quot;:&quot;18&quot;,&quot;iso&quot;:&quot;800&quot;,&quot;shutter_speed&quot;:&quot;0.0125&quot;,&quot;title&quot;:&quot;&quot;,&quot;orientation&quot;:&quot;0&quot;}\" data-image-title=\"DSC_0128\" data-image-description=\"\" data-image-caption=\"\" data-medium-file=\"http:\/\/ivoreya-judo.si.afna.si\/wp-content\/uploads\/DSC_0128-300x199.jpg\" data-large-file=\"http:\/\/ivoreya-judo.si.afna.si\/wp-content\/uploads\/DSC_0128-1024x680.jpg\" data-id=\"18852\" src=\"http:\/\/ivoreya-judo.si.afna.si\/wp-content\/uploads\/DSC_0128-1024x680.jpg\" alt=\"\" class=\"wp-image-18852\" srcset=\"http:\/\/ivoreya-judo.si.afna.si\/wp-content\/uploads\/DSC_0128-1024x680.jpg 1024w, http:\/\/ivoreya-judo.si.afna.si\/wp-content\/uploads\/DSC_0128-300x199.jpg 300w, http:\/\/ivoreya-judo.si.afna.si\/wp-content\/uploads\/DSC_0128-768x510.jpg 768w, http:\/\/ivoreya-judo.si.afna.si\/wp-content\/uploads\/DSC_0128-1536x1020.jpg 1536w, http:\/\/ivoreya-judo.si.afna.si\/wp-content\/uploads\/DSC_0128-624x415.jpg 624w, http:\/\/ivoreya-judo.si.afna.si\/wp-content\/uploads\/DSC_0128.jpg 1600w\" sizes=\"auto, (max-width: 1024px) 100vw, 1024px\" \/><\/figure>\n\n\n\n<figure class=\"wp-block-image size-large\"><img loading=\"lazy\" decoding=\"async\" width=\"1024\" height=\"680\" data-attachment-id=\"18853\" data-permalink=\"http:\/\/ivoreya-judo.si.afna.si\/?attachment_id=18853\" data-orig-file=\"http:\/\/ivoreya-judo.si.afna.si\/wp-content\/uploads\/DSC_0130.jpg\" data-orig-size=\"1600,1063\" data-comments-opened=\"0\" data-image-meta=\"{&quot;aperture&quot;:&quot;5&quot;,&quot;credit&quot;:&quot;Picasa&quot;,&quot;camera&quot;:&quot;NIKON D90&quot;,&quot;caption&quot;:&quot;&quot;,&quot;created_timestamp&quot;:&quot;1750506129&quot;,&quot;copyright&quot;:&quot;&quot;,&quot;focal_length&quot;:&quot;18&quot;,&quot;iso&quot;:&quot;800&quot;,&quot;shutter_speed&quot;:&quot;0.016666666666667&quot;,&quot;title&quot;:&quot;&quot;,&quot;orientation&quot;:&quot;0&quot;}\" data-image-title=\"DSC_0130\" data-image-description=\"\" data-image-caption=\"\" data-medium-file=\"http:\/\/ivoreya-judo.si.afna.si\/wp-content\/uploads\/DSC_0130-300x199.jpg\" data-large-file=\"http:\/\/ivoreya-judo.si.afna.si\/wp-content\/uploads\/DSC_0130-1024x680.jpg\" data-id=\"18853\" src=\"http:\/\/ivoreya-judo.si.afna.si\/wp-content\/uploads\/DSC_0130-1024x680.jpg\" alt=\"\" class=\"wp-image-18853\" srcset=\"http:\/\/ivoreya-judo.si.afna.si\/wp-content\/uploads\/DSC_0130-1024x680.jpg 1024w, http:\/\/ivoreya-judo.si.afna.si\/wp-content\/uploads\/DSC_0130-300x199.jpg 300w, http:\/\/ivoreya-judo.si.afna.si\/wp-content\/uploads\/DSC_0130-768x510.jpg 768w, http:\/\/ivoreya-judo.si.afna.si\/wp-content\/uploads\/DSC_0130-1536x1020.jpg 1536w, http:\/\/ivoreya-judo.si.afna.si\/wp-content\/uploads\/DSC_0130-624x415.jpg 624w, http:\/\/ivoreya-judo.si.afna.si\/wp-content\/uploads\/DSC_0130.jpg 1600w\" sizes=\"auto, (max-width: 1024px) 100vw, 1024px\" \/><\/figure>\n\n\n\n<figure class=\"wp-block-image size-large\"><img loading=\"lazy\" decoding=\"async\" width=\"1024\" height=\"680\" data-attachment-id=\"18854\" data-permalink=\"http:\/\/ivoreya-judo.si.afna.si\/?attachment_id=18854\" data-orig-file=\"http:\/\/ivoreya-judo.si.afna.si\/wp-content\/uploads\/DSC_0134.jpg\" data-orig-size=\"1600,1063\" data-comments-opened=\"0\" data-image-meta=\"{&quot;aperture&quot;:&quot;5&quot;,&quot;credit&quot;:&quot;Picasa&quot;,&quot;camera&quot;:&quot;NIKON D90&quot;,&quot;caption&quot;:&quot;&quot;,&quot;created_timestamp&quot;:&quot;1750506393&quot;,&quot;copyright&quot;:&quot;&quot;,&quot;focal_length&quot;:&quot;18&quot;,&quot;iso&quot;:&quot;800&quot;,&quot;shutter_speed&quot;:&quot;0.0004&quot;,&quot;title&quot;:&quot;&quot;,&quot;orientation&quot;:&quot;0&quot;}\" data-image-title=\"DSC_0134\" data-image-description=\"\" data-image-caption=\"\" data-medium-file=\"http:\/\/ivoreya-judo.si.afna.si\/wp-content\/uploads\/DSC_0134-300x199.jpg\" data-large-file=\"http:\/\/ivoreya-judo.si.afna.si\/wp-content\/uploads\/DSC_0134-1024x680.jpg\" data-id=\"18854\" src=\"http:\/\/ivoreya-judo.si.afna.si\/wp-content\/uploads\/DSC_0134-1024x680.jpg\" alt=\"\" class=\"wp-image-18854\" srcset=\"http:\/\/ivoreya-judo.si.afna.si\/wp-content\/uploads\/DSC_0134-1024x680.jpg 1024w, http:\/\/ivoreya-judo.si.afna.si\/wp-content\/uploads\/DSC_0134-300x199.jpg 300w, http:\/\/ivoreya-judo.si.afna.si\/wp-content\/uploads\/DSC_0134-768x510.jpg 768w, http:\/\/ivoreya-judo.si.afna.si\/wp-content\/uploads\/DSC_0134-1536x1020.jpg 1536w, http:\/\/ivoreya-judo.si.afna.si\/wp-content\/uploads\/DSC_0134-624x415.jpg 624w, http:\/\/ivoreya-judo.si.afna.si\/wp-content\/uploads\/DSC_0134.jpg 1600w\" sizes=\"auto, (max-width: 1024px) 100vw, 1024px\" \/><\/figure>\n\n\n\n<figure class=\"wp-block-image size-large\"><img loading=\"lazy\" decoding=\"async\" width=\"1024\" height=\"680\" data-attachment-id=\"18855\" data-permalink=\"http:\/\/ivoreya-judo.si.afna.si\/?attachment_id=18855\" data-orig-file=\"http:\/\/ivoreya-judo.si.afna.si\/wp-content\/uploads\/DSC_0135.jpg\" data-orig-size=\"1600,1063\" data-comments-opened=\"0\" data-image-meta=\"{&quot;aperture&quot;:&quot;5&quot;,&quot;credit&quot;:&quot;Picasa&quot;,&quot;camera&quot;:&quot;NIKON D90&quot;,&quot;caption&quot;:&quot;&quot;,&quot;created_timestamp&quot;:&quot;1750506403&quot;,&quot;copyright&quot;:&quot;&quot;,&quot;focal_length&quot;:&quot;18&quot;,&quot;iso&quot;:&quot;800&quot;,&quot;shutter_speed&quot;:&quot;0.0005&quot;,&quot;title&quot;:&quot;&quot;,&quot;orientation&quot;:&quot;0&quot;}\" data-image-title=\"DSC_0135\" data-image-description=\"\" data-image-caption=\"\" data-medium-file=\"http:\/\/ivoreya-judo.si.afna.si\/wp-content\/uploads\/DSC_0135-300x199.jpg\" data-large-file=\"http:\/\/ivoreya-judo.si.afna.si\/wp-content\/uploads\/DSC_0135-1024x680.jpg\" data-id=\"18855\" src=\"http:\/\/ivoreya-judo.si.afna.si\/wp-content\/uploads\/DSC_0135-1024x680.jpg\" alt=\"\" class=\"wp-image-18855\" srcset=\"http:\/\/ivoreya-judo.si.afna.si\/wp-content\/uploads\/DSC_0135-1024x680.jpg 1024w, http:\/\/ivoreya-judo.si.afna.si\/wp-content\/uploads\/DSC_0135-300x199.jpg 300w, http:\/\/ivoreya-judo.si.afna.si\/wp-content\/uploads\/DSC_0135-768x510.jpg 768w, http:\/\/ivoreya-judo.si.afna.si\/wp-content\/uploads\/DSC_0135-1536x1020.jpg 1536w, http:\/\/ivoreya-judo.si.afna.si\/wp-content\/uploads\/DSC_0135-624x415.jpg 624w, http:\/\/ivoreya-judo.si.afna.si\/wp-content\/uploads\/DSC_0135.jpg 1600w\" sizes=\"auto, (max-width: 1024px) 100vw, 1024px\" \/><\/figure>\n\n\n\n<figure class=\"wp-block-image size-large\"><img loading=\"lazy\" decoding=\"async\" width=\"1024\" height=\"680\" data-attachment-id=\"18856\" data-permalink=\"http:\/\/ivoreya-judo.si.afna.si\/?attachment_id=18856\" data-orig-file=\"http:\/\/ivoreya-judo.si.afna.si\/wp-content\/uploads\/DSC_0136.jpg\" data-orig-size=\"1600,1063\" data-comments-opened=\"0\" data-image-meta=\"{&quot;aperture&quot;:&quot;5&quot;,&quot;credit&quot;:&quot;Picasa&quot;,&quot;camera&quot;:&quot;NIKON D90&quot;,&quot;caption&quot;:&quot;&quot;,&quot;created_timestamp&quot;:&quot;1750506517&quot;,&quot;copyright&quot;:&quot;&quot;,&quot;focal_length&quot;:&quot;18&quot;,&quot;iso&quot;:&quot;800&quot;,&quot;shutter_speed&quot;:&quot;0.0008&quot;,&quot;title&quot;:&quot;&quot;,&quot;orientation&quot;:&quot;0&quot;}\" data-image-title=\"DSC_0136\" data-image-description=\"\" data-image-caption=\"\" data-medium-file=\"http:\/\/ivoreya-judo.si.afna.si\/wp-content\/uploads\/DSC_0136-300x199.jpg\" data-large-file=\"http:\/\/ivoreya-judo.si.afna.si\/wp-content\/uploads\/DSC_0136-1024x680.jpg\" data-id=\"18856\" src=\"http:\/\/ivoreya-judo.si.afna.si\/wp-content\/uploads\/DSC_0136-1024x680.jpg\" alt=\"\" class=\"wp-image-18856\" srcset=\"http:\/\/ivoreya-judo.si.afna.si\/wp-content\/uploads\/DSC_0136-1024x680.jpg 1024w, http:\/\/ivoreya-judo.si.afna.si\/wp-content\/uploads\/DSC_0136-300x199.jpg 300w, http:\/\/ivoreya-judo.si.afna.si\/wp-content\/uploads\/DSC_0136-768x510.jpg 768w, http:\/\/ivoreya-judo.si.afna.si\/wp-content\/uploads\/DSC_0136-1536x1020.jpg 1536w, http:\/\/ivoreya-judo.si.afna.si\/wp-content\/uploads\/DSC_0136-624x415.jpg 624w, http:\/\/ivoreya-judo.si.afna.si\/wp-content\/uploads\/DSC_0136.jpg 1600w\" sizes=\"auto, (max-width: 1024px) 100vw, 1024px\" \/><\/figure>\n\n\n\n<figure class=\"wp-block-image size-large\"><img loading=\"lazy\" decoding=\"async\" width=\"1024\" height=\"680\" data-attachment-id=\"18857\" data-permalink=\"http:\/\/ivoreya-judo.si.afna.si\/?attachment_id=18857\" data-orig-file=\"http:\/\/ivoreya-judo.si.afna.si\/wp-content\/uploads\/DSC_0141.jpg\" data-orig-size=\"1600,1063\" data-comments-opened=\"0\" data-image-meta=\"{&quot;aperture&quot;:&quot;5&quot;,&quot;credit&quot;:&quot;Picasa&quot;,&quot;camera&quot;:&quot;NIKON D90&quot;,&quot;caption&quot;:&quot;&quot;,&quot;created_timestamp&quot;:&quot;1750507624&quot;,&quot;copyright&quot;:&quot;&quot;,&quot;focal_length&quot;:&quot;18&quot;,&quot;iso&quot;:&quot;800&quot;,&quot;shutter_speed&quot;:&quot;0.016666666666667&quot;,&quot;title&quot;:&quot;&quot;,&quot;orientation&quot;:&quot;0&quot;}\" data-image-title=\"DSC_0141\" data-image-description=\"\" data-image-caption=\"\" data-medium-file=\"http:\/\/ivoreya-judo.si.afna.si\/wp-content\/uploads\/DSC_0141-300x199.jpg\" data-large-file=\"http:\/\/ivoreya-judo.si.afna.si\/wp-content\/uploads\/DSC_0141-1024x680.jpg\" data-id=\"18857\" src=\"http:\/\/ivoreya-judo.si.afna.si\/wp-content\/uploads\/DSC_0141-1024x680.jpg\" alt=\"\" class=\"wp-image-18857\" srcset=\"http:\/\/ivoreya-judo.si.afna.si\/wp-content\/uploads\/DSC_0141-1024x680.jpg 1024w, http:\/\/ivoreya-judo.si.afna.si\/wp-content\/uploads\/DSC_0141-300x199.jpg 300w, http:\/\/ivoreya-judo.si.afna.si\/wp-content\/uploads\/DSC_0141-768x510.jpg 768w, http:\/\/ivoreya-judo.si.afna.si\/wp-content\/uploads\/DSC_0141-1536x1020.jpg 1536w, http:\/\/ivoreya-judo.si.afna.si\/wp-content\/uploads\/DSC_0141-624x415.jpg 624w, http:\/\/ivoreya-judo.si.afna.si\/wp-content\/uploads\/DSC_0141.jpg 1600w\" sizes=\"auto, (max-width: 1024px) 100vw, 1024px\" \/><\/figure>\n\n\n\n<figure class=\"wp-block-image size-large\"><img loading=\"lazy\" decoding=\"async\" width=\"1024\" height=\"680\" data-attachment-id=\"18858\" data-permalink=\"http:\/\/ivoreya-judo.si.afna.si\/?attachment_id=18858\" data-orig-file=\"http:\/\/ivoreya-judo.si.afna.si\/wp-content\/uploads\/DSC_0143.jpg\" data-orig-size=\"1600,1063\" data-comments-opened=\"0\" data-image-meta=\"{&quot;aperture&quot;:&quot;5&quot;,&quot;credit&quot;:&quot;Picasa&quot;,&quot;camera&quot;:&quot;NIKON D90&quot;,&quot;caption&quot;:&quot;&quot;,&quot;created_timestamp&quot;:&quot;1750507950&quot;,&quot;copyright&quot;:&quot;&quot;,&quot;focal_length&quot;:&quot;40&quot;,&quot;iso&quot;:&quot;800&quot;,&quot;shutter_speed&quot;:&quot;0.016666666666667&quot;,&quot;title&quot;:&quot;&quot;,&quot;orientation&quot;:&quot;0&quot;}\" data-image-title=\"DSC_0143\" data-image-description=\"\" data-image-caption=\"\" data-medium-file=\"http:\/\/ivoreya-judo.si.afna.si\/wp-content\/uploads\/DSC_0143-300x199.jpg\" data-large-file=\"http:\/\/ivoreya-judo.si.afna.si\/wp-content\/uploads\/DSC_0143-1024x680.jpg\" data-id=\"18858\" src=\"http:\/\/ivoreya-judo.si.afna.si\/wp-content\/uploads\/DSC_0143-1024x680.jpg\" alt=\"\" class=\"wp-image-18858\" srcset=\"http:\/\/ivoreya-judo.si.afna.si\/wp-content\/uploads\/DSC_0143-1024x680.jpg 1024w, http:\/\/ivoreya-judo.si.afna.si\/wp-content\/uploads\/DSC_0143-300x199.jpg 300w, http:\/\/ivoreya-judo.si.afna.si\/wp-content\/uploads\/DSC_0143-768x510.jpg 768w, http:\/\/ivoreya-judo.si.afna.si\/wp-content\/uploads\/DSC_0143-1536x1020.jpg 1536w, http:\/\/ivoreya-judo.si.afna.si\/wp-content\/uploads\/DSC_0143-624x415.jpg 624w, http:\/\/ivoreya-judo.si.afna.si\/wp-content\/uploads\/DSC_0143.jpg 1600w\" sizes=\"auto, (max-width: 1024px) 100vw, 1024px\" \/><\/figure>\n\n\n\n<figure class=\"wp-block-image size-large\"><img loading=\"lazy\" decoding=\"async\" width=\"1024\" height=\"680\" data-attachment-id=\"18859\" data-permalink=\"http:\/\/ivoreya-judo.si.afna.si\/?attachment_id=18859\" data-orig-file=\"http:\/\/ivoreya-judo.si.afna.si\/wp-content\/uploads\/DSC_0144.jpg\" data-orig-size=\"1600,1063\" data-comments-opened=\"0\" data-image-meta=\"{&quot;aperture&quot;:&quot;5&quot;,&quot;credit&quot;:&quot;Picasa&quot;,&quot;camera&quot;:&quot;NIKON D90&quot;,&quot;caption&quot;:&quot;&quot;,&quot;created_timestamp&quot;:&quot;1750508210&quot;,&quot;copyright&quot;:&quot;&quot;,&quot;focal_length&quot;:&quot;18&quot;,&quot;iso&quot;:&quot;800&quot;,&quot;shutter_speed&quot;:&quot;0.001&quot;,&quot;title&quot;:&quot;&quot;,&quot;orientation&quot;:&quot;0&quot;}\" data-image-title=\"DSC_0144\" data-image-description=\"\" data-image-caption=\"\" data-medium-file=\"http:\/\/ivoreya-judo.si.afna.si\/wp-content\/uploads\/DSC_0144-300x199.jpg\" data-large-file=\"http:\/\/ivoreya-judo.si.afna.si\/wp-content\/uploads\/DSC_0144-1024x680.jpg\" data-id=\"18859\" src=\"http:\/\/ivoreya-judo.si.afna.si\/wp-content\/uploads\/DSC_0144-1024x680.jpg\" alt=\"\" class=\"wp-image-18859\" srcset=\"http:\/\/ivoreya-judo.si.afna.si\/wp-content\/uploads\/DSC_0144-1024x680.jpg 1024w, http:\/\/ivoreya-judo.si.afna.si\/wp-content\/uploads\/DSC_0144-300x199.jpg 300w, http:\/\/ivoreya-judo.si.afna.si\/wp-content\/uploads\/DSC_0144-768x510.jpg 768w, http:\/\/ivoreya-judo.si.afna.si\/wp-content\/uploads\/DSC_0144-1536x1020.jpg 1536w, http:\/\/ivoreya-judo.si.afna.si\/wp-content\/uploads\/DSC_0144-624x415.jpg 624w, http:\/\/ivoreya-judo.si.afna.si\/wp-content\/uploads\/DSC_0144.jpg 1600w\" sizes=\"auto, (max-width: 1024px) 100vw, 1024px\" \/><\/figure>\n\n\n\n<figure class=\"wp-block-image size-large\"><img loading=\"lazy\" decoding=\"async\" width=\"1024\" height=\"680\" data-attachment-id=\"18860\" data-permalink=\"http:\/\/ivoreya-judo.si.afna.si\/?attachment_id=18860\" data-orig-file=\"http:\/\/ivoreya-judo.si.afna.si\/wp-content\/uploads\/DSC_0146.jpg\" data-orig-size=\"1600,1063\" data-comments-opened=\"0\" data-image-meta=\"{&quot;aperture&quot;:&quot;5&quot;,&quot;credit&quot;:&quot;Picasa&quot;,&quot;camera&quot;:&quot;NIKON D90&quot;,&quot;caption&quot;:&quot;&quot;,&quot;created_timestamp&quot;:&quot;1750508228&quot;,&quot;copyright&quot;:&quot;&quot;,&quot;focal_length&quot;:&quot;18&quot;,&quot;iso&quot;:&quot;800&quot;,&quot;shutter_speed&quot;:&quot;0.0008&quot;,&quot;title&quot;:&quot;&quot;,&quot;orientation&quot;:&quot;0&quot;}\" data-image-title=\"DSC_0146\" data-image-description=\"\" data-image-caption=\"\" data-medium-file=\"http:\/\/ivoreya-judo.si.afna.si\/wp-content\/uploads\/DSC_0146-300x199.jpg\" data-large-file=\"http:\/\/ivoreya-judo.si.afna.si\/wp-content\/uploads\/DSC_0146-1024x680.jpg\" data-id=\"18860\" src=\"http:\/\/ivoreya-judo.si.afna.si\/wp-content\/uploads\/DSC_0146-1024x680.jpg\" alt=\"\" class=\"wp-image-18860\" srcset=\"http:\/\/ivoreya-judo.si.afna.si\/wp-content\/uploads\/DSC_0146-1024x680.jpg 1024w, http:\/\/ivoreya-judo.si.afna.si\/wp-content\/uploads\/DSC_0146-300x199.jpg 300w, http:\/\/ivoreya-judo.si.afna.si\/wp-content\/uploads\/DSC_0146-768x510.jpg 768w, http:\/\/ivoreya-judo.si.afna.si\/wp-content\/uploads\/DSC_0146-1536x1020.jpg 1536w, http:\/\/ivoreya-judo.si.afna.si\/wp-content\/uploads\/DSC_0146-624x415.jpg 624w, http:\/\/ivoreya-judo.si.afna.si\/wp-content\/uploads\/DSC_0146.jpg 1600w\" sizes=\"auto, (max-width: 1024px) 100vw, 1024px\" \/><\/figure>\n\n\n\n<figure class=\"wp-block-image size-large\"><img loading=\"lazy\" decoding=\"async\" width=\"1024\" height=\"680\" data-attachment-id=\"18861\" data-permalink=\"http:\/\/ivoreya-judo.si.afna.si\/?attachment_id=18861\" data-orig-file=\"http:\/\/ivoreya-judo.si.afna.si\/wp-content\/uploads\/DSC_0150-1.jpg\" data-orig-size=\"1600,1063\" data-comments-opened=\"0\" data-image-meta=\"{&quot;aperture&quot;:&quot;5&quot;,&quot;credit&quot;:&quot;Picasa&quot;,&quot;camera&quot;:&quot;NIKON D90&quot;,&quot;caption&quot;:&quot;&quot;,&quot;created_timestamp&quot;:&quot;1750511173&quot;,&quot;copyright&quot;:&quot;&quot;,&quot;focal_length&quot;:&quot;18&quot;,&quot;iso&quot;:&quot;800&quot;,&quot;shutter_speed&quot;:&quot;0.0005&quot;,&quot;title&quot;:&quot;&quot;,&quot;orientation&quot;:&quot;0&quot;}\" data-image-title=\"DSC_0150\" data-image-description=\"\" data-image-caption=\"\" data-medium-file=\"http:\/\/ivoreya-judo.si.afna.si\/wp-content\/uploads\/DSC_0150-1-300x199.jpg\" data-large-file=\"http:\/\/ivoreya-judo.si.afna.si\/wp-content\/uploads\/DSC_0150-1-1024x680.jpg\" data-id=\"18861\" src=\"http:\/\/ivoreya-judo.si.afna.si\/wp-content\/uploads\/DSC_0150-1-1024x680.jpg\" alt=\"\" class=\"wp-image-18861\" srcset=\"http:\/\/ivoreya-judo.si.afna.si\/wp-content\/uploads\/DSC_0150-1-1024x680.jpg 1024w, http:\/\/ivoreya-judo.si.afna.si\/wp-content\/uploads\/DSC_0150-1-300x199.jpg 300w, http:\/\/ivoreya-judo.si.afna.si\/wp-content\/uploads\/DSC_0150-1-768x510.jpg 768w, http:\/\/ivoreya-judo.si.afna.si\/wp-content\/uploads\/DSC_0150-1-1536x1020.jpg 1536w, http:\/\/ivoreya-judo.si.afna.si\/wp-content\/uploads\/DSC_0150-1-624x415.jpg 624w, http:\/\/ivoreya-judo.si.afna.si\/wp-content\/uploads\/DSC_0150-1.jpg 1600w\" sizes=\"auto, (max-width: 1024px) 100vw, 1024px\" \/><\/figure>\n<\/figure>\n","protected":false},"excerpt":{"rendered":"<p>VOJA\u0160KI PARK ZGODOVINE, 21.06.&#8217;25, Pivka, SLO V\u010deraj smo si \u0161li ogledati voja\u0161ki park zgodovine v Pivki. Imeli smo lepo vreme in ogledali smo si zanimive stvari. Ogledali smo si notranjost vohunske podmornice in policijskega \u010dolna P-111.Zahvaljujem se Gegatu in \u017danu, da sta si vzela \u010das in pomagala pri prevozih in za dru\u017eenje.Izjemna hvala trenerju Maio [&hellip;]<\/p>\n","protected":false},"author":2,"featured_media":0,"comment_status":"closed","ping_status":"open","sticky":false,"template":"","format":"standard","meta":{"ngg_post_thumbnail":0,"_jetpack_newsletter_access":"","_jetpack_dont_email_post_to_subs":true,"_jetpack_newsletter_tier_id":0,"_jetpack_memberships_contains_paywalled_content":false,"_jetpack_memberships_contains_paid_content":false,"footnotes":""},"categories":[1],"tags":[],"class_list":["post-18835","post","type-post","status-publish","format-standard","hentry","category-uncategorized"],"jetpack_featured_media_url":"","jetpack_shortlink":"https:\/\/wp.me\/p345DH-4TN","jetpack_sharing_enabled":true,"_links":{"self":[{"href":"http:\/\/ivoreya-judo.si.afna.si\/index.php?rest_route=\/wp\/v2\/posts\/18835","targetHints":{"allow":["GET"]}}],"collection":[{"href":"http:\/\/ivoreya-judo.si.afna.si\/index.php?rest_route=\/wp\/v2\/posts"}],"about":[{"href":"http:\/\/ivoreya-judo.si.afna.si\/index.php?rest_route=\/wp\/v2\/types\/post"}],"author":[{"embeddable":true,"href":"http:\/\/ivoreya-judo.si.afna.si\/index.php?rest_route=\/wp\/v2\/users\/2"}],"replies":[{"embeddable":true,"href":"http:\/\/ivoreya-judo.si.afna.si\/index.php?rest_route=%2Fwp%2Fv2%2Fcomments&post=18835"}],"version-history":[{"count":1,"href":"http:\/\/ivoreya-judo.si.afna.si\/index.php?rest_route=\/wp\/v2\/posts\/18835\/revisions"}],"predecessor-version":[{"id":18862,"href":"http:\/\/ivoreya-judo.si.afna.si\/index.php?rest_route=\/wp\/v2\/posts\/18835\/revisions\/18862"}],"wp:attachment":[{"href":"http:\/\/ivoreya-judo.si.afna.si\/index.php?rest_route=%2Fwp%2Fv2%2Fmedia&parent=18835"}],"wp:term":[{"taxonomy":"category","embeddable":true,"href":"http:\/\/ivoreya-judo.si.afna.si\/index.php?rest_route=%2Fwp%2Fv2%2Fcategories&post=18835"},{"taxonomy":"post_tag","embeddable":true,"href":"http:\/\/ivoreya-judo.si.afna.si\/index.php?rest_route=%2Fwp%2Fv2%2Ftags&post=18835"}],"curies":[{"name":"wp","href":"https:\/\/api.w.org\/{rel}","templated":true}]}}