{"id":18912,"date":"2025-09-17T13:29:29","date_gmt":"2025-09-17T12:29:29","guid":{"rendered":"http:\/\/ivoreya-judo.si.afna.si\/?p=18912"},"modified":"2025-09-17T13:29:30","modified_gmt":"2025-09-17T12:29:30","slug":"pokal-oplotnice","status":"publish","type":"post","link":"http:\/\/ivoreya-judo.si.afna.si\/?p=18912","title":{"rendered":"POKAL OPLOTNICE"},"content":{"rendered":"\n<p>POKAL OPLOTNICE, 13.09.&#8217;25, Oplotnica, SLO<\/p>\n\n\n\n<p>Komaj se je dobro pri\u010delo novo \u0161olsko leto in \u017ee je tu prva tekma. Judo klub Oplotnica je organiziral mednarodni turnir Oplotnica na katerem je sodelovalo 28 klubov in 171 tekmovalcev in tekmovalk iz petih dr\u017eav. Nastopilo so v starostni kategoriji U10, U12 in U14. Na\u0161 klub je domov prinesel dve medalje.<\/p>\n\n\n\n<p>U10<br>Vanja GAJEVI\u0106 2. mesto<\/p>\n\n\n\n<p>U12<\/p>\n\n\n\n<p>Aleks DIZDAREVI\u0106 4. mesto -35 kg<\/p>\n\n\n\n<p>U14<\/p>\n\n\n\n<p>Benjamin KUDER 7. mesto -38 kg<br>Benjamin DEDI\u0106 7. mesto -55 kg<br>Jan PORTO\u010cNIK 5. mesto +66 kg<br>Nikola JANKOVI\u0106 2. mesto +66 kg<\/p>\n\n\n\n<p>\u010cestitke<\/p>\n\n\n\n<figure class=\"wp-block-gallery has-nested-images columns-default is-cropped wp-block-gallery-1 is-layout-flex wp-block-gallery-is-layout-flex\">\n<figure class=\"wp-block-image size-large\"><img loading=\"lazy\" decoding=\"async\" width=\"1024\" height=\"680\" data-attachment-id=\"18918\" data-permalink=\"http:\/\/ivoreya-judo.si.afna.si\/?attachment_id=18918\" data-orig-file=\"http:\/\/ivoreya-judo.si.afna.si\/wp-content\/uploads\/DSC_0311.jpg\" data-orig-size=\"1600,1063\" data-comments-opened=\"0\" data-image-meta=\"{&quot;aperture&quot;:&quot;5.3&quot;,&quot;credit&quot;:&quot;Picasa&quot;,&quot;camera&quot;:&quot;NIKON D90&quot;,&quot;caption&quot;:&quot;&quot;,&quot;created_timestamp&quot;:&quot;1757757752&quot;,&quot;copyright&quot;:&quot;&quot;,&quot;focal_length&quot;:&quot;62&quot;,&quot;iso&quot;:&quot;1600&quot;,&quot;shutter_speed&quot;:&quot;0.016666666666667&quot;,&quot;title&quot;:&quot;&quot;,&quot;orientation&quot;:&quot;0&quot;}\" data-image-title=\"DSC_0311\" data-image-description=\"\" data-image-caption=\"\" data-medium-file=\"http:\/\/ivoreya-judo.si.afna.si\/wp-content\/uploads\/DSC_0311-300x199.jpg\" data-large-file=\"http:\/\/ivoreya-judo.si.afna.si\/wp-content\/uploads\/DSC_0311-1024x680.jpg\" data-id=\"18918\" src=\"http:\/\/ivoreya-judo.si.afna.si\/wp-content\/uploads\/DSC_0311-1024x680.jpg\" alt=\"\" class=\"wp-image-18918\" srcset=\"http:\/\/ivoreya-judo.si.afna.si\/wp-content\/uploads\/DSC_0311-1024x680.jpg 1024w, http:\/\/ivoreya-judo.si.afna.si\/wp-content\/uploads\/DSC_0311-300x199.jpg 300w, http:\/\/ivoreya-judo.si.afna.si\/wp-content\/uploads\/DSC_0311-768x510.jpg 768w, http:\/\/ivoreya-judo.si.afna.si\/wp-content\/uploads\/DSC_0311-1536x1020.jpg 1536w, http:\/\/ivoreya-judo.si.afna.si\/wp-content\/uploads\/DSC_0311-624x415.jpg 624w, http:\/\/ivoreya-judo.si.afna.si\/wp-content\/uploads\/DSC_0311.jpg 1600w\" sizes=\"auto, (max-width: 1024px) 100vw, 1024px\" \/><\/figure>\n\n\n\n<figure class=\"wp-block-image size-large\"><img loading=\"lazy\" decoding=\"async\" width=\"1024\" height=\"680\" data-attachment-id=\"18915\" data-permalink=\"http:\/\/ivoreya-judo.si.afna.si\/?attachment_id=18915\" data-orig-file=\"http:\/\/ivoreya-judo.si.afna.si\/wp-content\/uploads\/DSC_0312.jpg\" data-orig-size=\"1600,1063\" data-comments-opened=\"0\" data-image-meta=\"{&quot;aperture&quot;:&quot;3.5&quot;,&quot;credit&quot;:&quot;Picasa&quot;,&quot;camera&quot;:&quot;NIKON D90&quot;,&quot;caption&quot;:&quot;&quot;,&quot;created_timestamp&quot;:&quot;1757757757&quot;,&quot;copyright&quot;:&quot;&quot;,&quot;focal_length&quot;:&quot;18&quot;,&quot;iso&quot;:&quot;1600&quot;,&quot;shutter_speed&quot;:&quot;0.0125&quot;,&quot;title&quot;:&quot;&quot;,&quot;orientation&quot;:&quot;0&quot;}\" data-image-title=\"DSC_0312\" data-image-description=\"\" data-image-caption=\"\" data-medium-file=\"http:\/\/ivoreya-judo.si.afna.si\/wp-content\/uploads\/DSC_0312-300x199.jpg\" data-large-file=\"http:\/\/ivoreya-judo.si.afna.si\/wp-content\/uploads\/DSC_0312-1024x680.jpg\" data-id=\"18915\" src=\"http:\/\/ivoreya-judo.si.afna.si\/wp-content\/uploads\/DSC_0312-1024x680.jpg\" alt=\"\" class=\"wp-image-18915\" srcset=\"http:\/\/ivoreya-judo.si.afna.si\/wp-content\/uploads\/DSC_0312-1024x680.jpg 1024w, http:\/\/ivoreya-judo.si.afna.si\/wp-content\/uploads\/DSC_0312-300x199.jpg 300w, http:\/\/ivoreya-judo.si.afna.si\/wp-content\/uploads\/DSC_0312-768x510.jpg 768w, http:\/\/ivoreya-judo.si.afna.si\/wp-content\/uploads\/DSC_0312-1536x1020.jpg 1536w, http:\/\/ivoreya-judo.si.afna.si\/wp-content\/uploads\/DSC_0312-624x415.jpg 624w, http:\/\/ivoreya-judo.si.afna.si\/wp-content\/uploads\/DSC_0312.jpg 1600w\" sizes=\"auto, (max-width: 1024px) 100vw, 1024px\" \/><\/figure>\n\n\n\n<figure class=\"wp-block-image size-large\"><img loading=\"lazy\" decoding=\"async\" width=\"1024\" height=\"680\" data-attachment-id=\"18913\" data-permalink=\"http:\/\/ivoreya-judo.si.afna.si\/?attachment_id=18913\" data-orig-file=\"http:\/\/ivoreya-judo.si.afna.si\/wp-content\/uploads\/DSC_0313.jpg\" data-orig-size=\"1600,1063\" data-comments-opened=\"0\" data-image-meta=\"{&quot;aperture&quot;:&quot;3.5&quot;,&quot;credit&quot;:&quot;Picasa&quot;,&quot;camera&quot;:&quot;NIKON D90&quot;,&quot;caption&quot;:&quot;&quot;,&quot;created_timestamp&quot;:&quot;1757757768&quot;,&quot;copyright&quot;:&quot;&quot;,&quot;focal_length&quot;:&quot;18&quot;,&quot;iso&quot;:&quot;1600&quot;,&quot;shutter_speed&quot;:&quot;0.0125&quot;,&quot;title&quot;:&quot;&quot;,&quot;orientation&quot;:&quot;0&quot;}\" data-image-title=\"DSC_0313\" data-image-description=\"\" data-image-caption=\"\" data-medium-file=\"http:\/\/ivoreya-judo.si.afna.si\/wp-content\/uploads\/DSC_0313-300x199.jpg\" data-large-file=\"http:\/\/ivoreya-judo.si.afna.si\/wp-content\/uploads\/DSC_0313-1024x680.jpg\" data-id=\"18913\" src=\"http:\/\/ivoreya-judo.si.afna.si\/wp-content\/uploads\/DSC_0313-1024x680.jpg\" alt=\"\" class=\"wp-image-18913\" srcset=\"http:\/\/ivoreya-judo.si.afna.si\/wp-content\/uploads\/DSC_0313-1024x680.jpg 1024w, http:\/\/ivoreya-judo.si.afna.si\/wp-content\/uploads\/DSC_0313-300x199.jpg 300w, http:\/\/ivoreya-judo.si.afna.si\/wp-content\/uploads\/DSC_0313-768x510.jpg 768w, http:\/\/ivoreya-judo.si.afna.si\/wp-content\/uploads\/DSC_0313-1536x1020.jpg 1536w, http:\/\/ivoreya-judo.si.afna.si\/wp-content\/uploads\/DSC_0313-624x415.jpg 624w, http:\/\/ivoreya-judo.si.afna.si\/wp-content\/uploads\/DSC_0313.jpg 1600w\" sizes=\"auto, (max-width: 1024px) 100vw, 1024px\" \/><\/figure>\n\n\n\n<figure class=\"wp-block-image size-large\"><img loading=\"lazy\" decoding=\"async\" width=\"1024\" height=\"680\" data-attachment-id=\"18914\" data-permalink=\"http:\/\/ivoreya-judo.si.afna.si\/?attachment_id=18914\" data-orig-file=\"http:\/\/ivoreya-judo.si.afna.si\/wp-content\/uploads\/DSC_0317.jpg\" data-orig-size=\"1600,1063\" data-comments-opened=\"0\" data-image-meta=\"{&quot;aperture&quot;:&quot;3.8&quot;,&quot;credit&quot;:&quot;Picasa&quot;,&quot;camera&quot;:&quot;NIKON D90&quot;,&quot;caption&quot;:&quot;&quot;,&quot;created_timestamp&quot;:&quot;1757763063&quot;,&quot;copyright&quot;:&quot;&quot;,&quot;focal_length&quot;:&quot;22&quot;,&quot;iso&quot;:&quot;1600&quot;,&quot;shutter_speed&quot;:&quot;0.016666666666667&quot;,&quot;title&quot;:&quot;&quot;,&quot;orientation&quot;:&quot;0&quot;}\" data-image-title=\"DSC_0317\" data-image-description=\"\" data-image-caption=\"\" data-medium-file=\"http:\/\/ivoreya-judo.si.afna.si\/wp-content\/uploads\/DSC_0317-300x199.jpg\" data-large-file=\"http:\/\/ivoreya-judo.si.afna.si\/wp-content\/uploads\/DSC_0317-1024x680.jpg\" data-id=\"18914\" src=\"http:\/\/ivoreya-judo.si.afna.si\/wp-content\/uploads\/DSC_0317-1024x680.jpg\" alt=\"\" class=\"wp-image-18914\" srcset=\"http:\/\/ivoreya-judo.si.afna.si\/wp-content\/uploads\/DSC_0317-1024x680.jpg 1024w, http:\/\/ivoreya-judo.si.afna.si\/wp-content\/uploads\/DSC_0317-300x199.jpg 300w, http:\/\/ivoreya-judo.si.afna.si\/wp-content\/uploads\/DSC_0317-768x510.jpg 768w, http:\/\/ivoreya-judo.si.afna.si\/wp-content\/uploads\/DSC_0317-1536x1020.jpg 1536w, http:\/\/ivoreya-judo.si.afna.si\/wp-content\/uploads\/DSC_0317-624x415.jpg 624w, http:\/\/ivoreya-judo.si.afna.si\/wp-content\/uploads\/DSC_0317.jpg 1600w\" sizes=\"auto, (max-width: 1024px) 100vw, 1024px\" \/><\/figure>\n\n\n\n<figure class=\"wp-block-image size-large\"><img loading=\"lazy\" decoding=\"async\" width=\"1024\" height=\"680\" data-attachment-id=\"18917\" data-permalink=\"http:\/\/ivoreya-judo.si.afna.si\/?attachment_id=18917\" data-orig-file=\"http:\/\/ivoreya-judo.si.afna.si\/wp-content\/uploads\/DSC_0319.jpg\" data-orig-size=\"1600,1063\" data-comments-opened=\"0\" data-image-meta=\"{&quot;aperture&quot;:&quot;4&quot;,&quot;credit&quot;:&quot;Picasa&quot;,&quot;camera&quot;:&quot;NIKON D90&quot;,&quot;caption&quot;:&quot;&quot;,&quot;created_timestamp&quot;:&quot;1757765258&quot;,&quot;copyright&quot;:&quot;&quot;,&quot;focal_length&quot;:&quot;26&quot;,&quot;iso&quot;:&quot;1600&quot;,&quot;shutter_speed&quot;:&quot;0.0125&quot;,&quot;title&quot;:&quot;&quot;,&quot;orientation&quot;:&quot;0&quot;}\" data-image-title=\"DSC_0319\" data-image-description=\"\" data-image-caption=\"\" data-medium-file=\"http:\/\/ivoreya-judo.si.afna.si\/wp-content\/uploads\/DSC_0319-300x199.jpg\" data-large-file=\"http:\/\/ivoreya-judo.si.afna.si\/wp-content\/uploads\/DSC_0319-1024x680.jpg\" data-id=\"18917\" src=\"http:\/\/ivoreya-judo.si.afna.si\/wp-content\/uploads\/DSC_0319-1024x680.jpg\" alt=\"\" class=\"wp-image-18917\" srcset=\"http:\/\/ivoreya-judo.si.afna.si\/wp-content\/uploads\/DSC_0319-1024x680.jpg 1024w, http:\/\/ivoreya-judo.si.afna.si\/wp-content\/uploads\/DSC_0319-300x199.jpg 300w, http:\/\/ivoreya-judo.si.afna.si\/wp-content\/uploads\/DSC_0319-768x510.jpg 768w, http:\/\/ivoreya-judo.si.afna.si\/wp-content\/uploads\/DSC_0319-1536x1020.jpg 1536w, http:\/\/ivoreya-judo.si.afna.si\/wp-content\/uploads\/DSC_0319-624x415.jpg 624w, http:\/\/ivoreya-judo.si.afna.si\/wp-content\/uploads\/DSC_0319.jpg 1600w\" sizes=\"auto, (max-width: 1024px) 100vw, 1024px\" \/><\/figure>\n\n\n\n<figure class=\"wp-block-image size-large\"><img loading=\"lazy\" decoding=\"async\" width=\"1024\" height=\"680\" data-attachment-id=\"18916\" data-permalink=\"http:\/\/ivoreya-judo.si.afna.si\/?attachment_id=18916\" data-orig-file=\"http:\/\/ivoreya-judo.si.afna.si\/wp-content\/uploads\/DSC_0320-1.jpg\" data-orig-size=\"1600,1063\" data-comments-opened=\"0\" data-image-meta=\"{&quot;aperture&quot;:&quot;5.3&quot;,&quot;credit&quot;:&quot;Picasa&quot;,&quot;camera&quot;:&quot;NIKON D90&quot;,&quot;caption&quot;:&quot;&quot;,&quot;created_timestamp&quot;:&quot;1757765260&quot;,&quot;copyright&quot;:&quot;&quot;,&quot;focal_length&quot;:&quot;70&quot;,&quot;iso&quot;:&quot;1600&quot;,&quot;shutter_speed&quot;:&quot;0.016666666666667&quot;,&quot;title&quot;:&quot;&quot;,&quot;orientation&quot;:&quot;0&quot;}\" data-image-title=\"DSC_0320\" data-image-description=\"\" data-image-caption=\"\" data-medium-file=\"http:\/\/ivoreya-judo.si.afna.si\/wp-content\/uploads\/DSC_0320-1-300x199.jpg\" data-large-file=\"http:\/\/ivoreya-judo.si.afna.si\/wp-content\/uploads\/DSC_0320-1-1024x680.jpg\" data-id=\"18916\" src=\"http:\/\/ivoreya-judo.si.afna.si\/wp-content\/uploads\/DSC_0320-1-1024x680.jpg\" alt=\"\" class=\"wp-image-18916\" srcset=\"http:\/\/ivoreya-judo.si.afna.si\/wp-content\/uploads\/DSC_0320-1-1024x680.jpg 1024w, http:\/\/ivoreya-judo.si.afna.si\/wp-content\/uploads\/DSC_0320-1-300x199.jpg 300w, http:\/\/ivoreya-judo.si.afna.si\/wp-content\/uploads\/DSC_0320-1-768x510.jpg 768w, http:\/\/ivoreya-judo.si.afna.si\/wp-content\/uploads\/DSC_0320-1-1536x1020.jpg 1536w, http:\/\/ivoreya-judo.si.afna.si\/wp-content\/uploads\/DSC_0320-1-624x415.jpg 624w, http:\/\/ivoreya-judo.si.afna.si\/wp-content\/uploads\/DSC_0320-1.jpg 1600w\" sizes=\"auto, (max-width: 1024px) 100vw, 1024px\" \/><\/figure>\n\n\n\n<figure class=\"wp-block-image size-large\"><img loading=\"lazy\" decoding=\"async\" width=\"680\" height=\"1024\" data-attachment-id=\"18919\" data-permalink=\"http:\/\/ivoreya-judo.si.afna.si\/?attachment_id=18919\" data-orig-file=\"http:\/\/ivoreya-judo.si.afna.si\/wp-content\/uploads\/DSC_0321-1.jpg\" data-orig-size=\"1063,1600\" data-comments-opened=\"0\" data-image-meta=\"{&quot;aperture&quot;:&quot;4.8&quot;,&quot;credit&quot;:&quot;Picasa&quot;,&quot;camera&quot;:&quot;NIKON D90&quot;,&quot;caption&quot;:&quot;&quot;,&quot;created_timestamp&quot;:&quot;1757765287&quot;,&quot;copyright&quot;:&quot;&quot;,&quot;focal_length&quot;:&quot;48&quot;,&quot;iso&quot;:&quot;1600&quot;,&quot;shutter_speed&quot;:&quot;0.0125&quot;,&quot;title&quot;:&quot;&quot;,&quot;orientation&quot;:&quot;0&quot;}\" data-image-title=\"DSC_0321\" data-image-description=\"\" data-image-caption=\"\" data-medium-file=\"http:\/\/ivoreya-judo.si.afna.si\/wp-content\/uploads\/DSC_0321-1-199x300.jpg\" data-large-file=\"http:\/\/ivoreya-judo.si.afna.si\/wp-content\/uploads\/DSC_0321-1-680x1024.jpg\" data-id=\"18919\" src=\"http:\/\/ivoreya-judo.si.afna.si\/wp-content\/uploads\/DSC_0321-1-680x1024.jpg\" alt=\"\" class=\"wp-image-18919\" srcset=\"http:\/\/ivoreya-judo.si.afna.si\/wp-content\/uploads\/DSC_0321-1-680x1024.jpg 680w, http:\/\/ivoreya-judo.si.afna.si\/wp-content\/uploads\/DSC_0321-1-199x300.jpg 199w, http:\/\/ivoreya-judo.si.afna.si\/wp-content\/uploads\/DSC_0321-1-768x1156.jpg 768w, http:\/\/ivoreya-judo.si.afna.si\/wp-content\/uploads\/DSC_0321-1-1020x1536.jpg 1020w, http:\/\/ivoreya-judo.si.afna.si\/wp-content\/uploads\/DSC_0321-1-624x939.jpg 624w, http:\/\/ivoreya-judo.si.afna.si\/wp-content\/uploads\/DSC_0321-1.jpg 1063w\" sizes=\"auto, (max-width: 680px) 100vw, 680px\" \/><\/figure>\n\n\n\n<figure class=\"wp-block-image size-large\"><img loading=\"lazy\" decoding=\"async\" width=\"1024\" height=\"680\" data-attachment-id=\"18920\" data-permalink=\"http:\/\/ivoreya-judo.si.afna.si\/?attachment_id=18920\" data-orig-file=\"http:\/\/ivoreya-judo.si.afna.si\/wp-content\/uploads\/DSC_0322-1.jpg\" data-orig-size=\"1600,1063\" data-comments-opened=\"0\" data-image-meta=\"{&quot;aperture&quot;:&quot;5.3&quot;,&quot;credit&quot;:&quot;Picasa&quot;,&quot;camera&quot;:&quot;NIKON D90&quot;,&quot;caption&quot;:&quot;&quot;,&quot;created_timestamp&quot;:&quot;1757765418&quot;,&quot;copyright&quot;:&quot;&quot;,&quot;focal_length&quot;:&quot;75&quot;,&quot;iso&quot;:&quot;1600&quot;,&quot;shutter_speed&quot;:&quot;0.016666666666667&quot;,&quot;title&quot;:&quot;&quot;,&quot;orientation&quot;:&quot;0&quot;}\" data-image-title=\"DSC_0322\" data-image-description=\"\" data-image-caption=\"\" data-medium-file=\"http:\/\/ivoreya-judo.si.afna.si\/wp-content\/uploads\/DSC_0322-1-300x199.jpg\" data-large-file=\"http:\/\/ivoreya-judo.si.afna.si\/wp-content\/uploads\/DSC_0322-1-1024x680.jpg\" data-id=\"18920\" src=\"http:\/\/ivoreya-judo.si.afna.si\/wp-content\/uploads\/DSC_0322-1-1024x680.jpg\" alt=\"\" class=\"wp-image-18920\" srcset=\"http:\/\/ivoreya-judo.si.afna.si\/wp-content\/uploads\/DSC_0322-1-1024x680.jpg 1024w, http:\/\/ivoreya-judo.si.afna.si\/wp-content\/uploads\/DSC_0322-1-300x199.jpg 300w, http:\/\/ivoreya-judo.si.afna.si\/wp-content\/uploads\/DSC_0322-1-768x510.jpg 768w, http:\/\/ivoreya-judo.si.afna.si\/wp-content\/uploads\/DSC_0322-1-1536x1020.jpg 1536w, http:\/\/ivoreya-judo.si.afna.si\/wp-content\/uploads\/DSC_0322-1-624x415.jpg 624w, http:\/\/ivoreya-judo.si.afna.si\/wp-content\/uploads\/DSC_0322-1.jpg 1600w\" sizes=\"auto, (max-width: 1024px) 100vw, 1024px\" \/><\/figure>\n\n\n\n<figure class=\"wp-block-image size-large\"><img loading=\"lazy\" decoding=\"async\" width=\"1024\" height=\"680\" data-attachment-id=\"18921\" data-permalink=\"http:\/\/ivoreya-judo.si.afna.si\/?attachment_id=18921\" data-orig-file=\"http:\/\/ivoreya-judo.si.afna.si\/wp-content\/uploads\/DSC_0323.jpg\" data-orig-size=\"1600,1063\" data-comments-opened=\"0\" data-image-meta=\"{&quot;aperture&quot;:&quot;5.3&quot;,&quot;credit&quot;:&quot;Picasa&quot;,&quot;camera&quot;:&quot;NIKON D90&quot;,&quot;caption&quot;:&quot;&quot;,&quot;created_timestamp&quot;:&quot;1757765438&quot;,&quot;copyright&quot;:&quot;&quot;,&quot;focal_length&quot;:&quot;75&quot;,&quot;iso&quot;:&quot;1600&quot;,&quot;shutter_speed&quot;:&quot;0.016666666666667&quot;,&quot;title&quot;:&quot;&quot;,&quot;orientation&quot;:&quot;0&quot;}\" data-image-title=\"DSC_0323\" data-image-description=\"\" data-image-caption=\"\" data-medium-file=\"http:\/\/ivoreya-judo.si.afna.si\/wp-content\/uploads\/DSC_0323-300x199.jpg\" data-large-file=\"http:\/\/ivoreya-judo.si.afna.si\/wp-content\/uploads\/DSC_0323-1024x680.jpg\" data-id=\"18921\" src=\"http:\/\/ivoreya-judo.si.afna.si\/wp-content\/uploads\/DSC_0323-1024x680.jpg\" alt=\"\" class=\"wp-image-18921\" srcset=\"http:\/\/ivoreya-judo.si.afna.si\/wp-content\/uploads\/DSC_0323-1024x680.jpg 1024w, http:\/\/ivoreya-judo.si.afna.si\/wp-content\/uploads\/DSC_0323-300x199.jpg 300w, http:\/\/ivoreya-judo.si.afna.si\/wp-content\/uploads\/DSC_0323-768x510.jpg 768w, http:\/\/ivoreya-judo.si.afna.si\/wp-content\/uploads\/DSC_0323-1536x1020.jpg 1536w, http:\/\/ivoreya-judo.si.afna.si\/wp-content\/uploads\/DSC_0323-624x415.jpg 624w, http:\/\/ivoreya-judo.si.afna.si\/wp-content\/uploads\/DSC_0323.jpg 1600w\" sizes=\"auto, (max-width: 1024px) 100vw, 1024px\" \/><\/figure>\n\n\n\n<figure class=\"wp-block-image size-large\"><img loading=\"lazy\" decoding=\"async\" width=\"1024\" height=\"680\" data-attachment-id=\"18923\" data-permalink=\"http:\/\/ivoreya-judo.si.afna.si\/?attachment_id=18923\" data-orig-file=\"http:\/\/ivoreya-judo.si.afna.si\/wp-content\/uploads\/DSC_0324-2.jpg\" data-orig-size=\"1600,1063\" data-comments-opened=\"0\" data-image-meta=\"{&quot;aperture&quot;:&quot;5.3&quot;,&quot;credit&quot;:&quot;Picasa&quot;,&quot;camera&quot;:&quot;NIKON D90&quot;,&quot;caption&quot;:&quot;&quot;,&quot;created_timestamp&quot;:&quot;1757765440&quot;,&quot;copyright&quot;:&quot;&quot;,&quot;focal_length&quot;:&quot;75&quot;,&quot;iso&quot;:&quot;1600&quot;,&quot;shutter_speed&quot;:&quot;0.016666666666667&quot;,&quot;title&quot;:&quot;&quot;,&quot;orientation&quot;:&quot;0&quot;}\" data-image-title=\"DSC_0324\" data-image-description=\"\" data-image-caption=\"\" data-medium-file=\"http:\/\/ivoreya-judo.si.afna.si\/wp-content\/uploads\/DSC_0324-2-300x199.jpg\" data-large-file=\"http:\/\/ivoreya-judo.si.afna.si\/wp-content\/uploads\/DSC_0324-2-1024x680.jpg\" data-id=\"18923\" src=\"http:\/\/ivoreya-judo.si.afna.si\/wp-content\/uploads\/DSC_0324-2-1024x680.jpg\" alt=\"\" class=\"wp-image-18923\" srcset=\"http:\/\/ivoreya-judo.si.afna.si\/wp-content\/uploads\/DSC_0324-2-1024x680.jpg 1024w, http:\/\/ivoreya-judo.si.afna.si\/wp-content\/uploads\/DSC_0324-2-300x199.jpg 300w, http:\/\/ivoreya-judo.si.afna.si\/wp-content\/uploads\/DSC_0324-2-768x510.jpg 768w, http:\/\/ivoreya-judo.si.afna.si\/wp-content\/uploads\/DSC_0324-2-1536x1020.jpg 1536w, http:\/\/ivoreya-judo.si.afna.si\/wp-content\/uploads\/DSC_0324-2-624x415.jpg 624w, http:\/\/ivoreya-judo.si.afna.si\/wp-content\/uploads\/DSC_0324-2.jpg 1600w\" sizes=\"auto, (max-width: 1024px) 100vw, 1024px\" \/><\/figure>\n\n\n\n<figure class=\"wp-block-image size-large\"><img loading=\"lazy\" decoding=\"async\" width=\"680\" height=\"1024\" data-attachment-id=\"18922\" data-permalink=\"http:\/\/ivoreya-judo.si.afna.si\/?attachment_id=18922\" data-orig-file=\"http:\/\/ivoreya-judo.si.afna.si\/wp-content\/uploads\/DSC_0327-1.jpg\" data-orig-size=\"1063,1600\" data-comments-opened=\"0\" data-image-meta=\"{&quot;aperture&quot;:&quot;5.3&quot;,&quot;credit&quot;:&quot;Picasa&quot;,&quot;camera&quot;:&quot;NIKON D90&quot;,&quot;caption&quot;:&quot;&quot;,&quot;created_timestamp&quot;:&quot;1757772264&quot;,&quot;copyright&quot;:&quot;&quot;,&quot;focal_length&quot;:&quot;66&quot;,&quot;iso&quot;:&quot;1600&quot;,&quot;shutter_speed&quot;:&quot;0.016666666666667&quot;,&quot;title&quot;:&quot;&quot;,&quot;orientation&quot;:&quot;0&quot;}\" data-image-title=\"DSC_0327\" data-image-description=\"\" data-image-caption=\"\" data-medium-file=\"http:\/\/ivoreya-judo.si.afna.si\/wp-content\/uploads\/DSC_0327-1-199x300.jpg\" data-large-file=\"http:\/\/ivoreya-judo.si.afna.si\/wp-content\/uploads\/DSC_0327-1-680x1024.jpg\" data-id=\"18922\" src=\"http:\/\/ivoreya-judo.si.afna.si\/wp-content\/uploads\/DSC_0327-1-680x1024.jpg\" alt=\"\" class=\"wp-image-18922\" srcset=\"http:\/\/ivoreya-judo.si.afna.si\/wp-content\/uploads\/DSC_0327-1-680x1024.jpg 680w, http:\/\/ivoreya-judo.si.afna.si\/wp-content\/uploads\/DSC_0327-1-199x300.jpg 199w, http:\/\/ivoreya-judo.si.afna.si\/wp-content\/uploads\/DSC_0327-1-768x1156.jpg 768w, http:\/\/ivoreya-judo.si.afna.si\/wp-content\/uploads\/DSC_0327-1-1020x1536.jpg 1020w, http:\/\/ivoreya-judo.si.afna.si\/wp-content\/uploads\/DSC_0327-1-624x939.jpg 624w, http:\/\/ivoreya-judo.si.afna.si\/wp-content\/uploads\/DSC_0327-1.jpg 1063w\" sizes=\"auto, (max-width: 680px) 100vw, 680px\" \/><\/figure>\n\n\n\n<figure class=\"wp-block-image size-large\"><img loading=\"lazy\" decoding=\"async\" width=\"680\" height=\"1024\" data-attachment-id=\"18924\" data-permalink=\"http:\/\/ivoreya-judo.si.afna.si\/?attachment_id=18924\" data-orig-file=\"http:\/\/ivoreya-judo.si.afna.si\/wp-content\/uploads\/DSC_0331.jpg\" data-orig-size=\"1063,1600\" data-comments-opened=\"0\" data-image-meta=\"{&quot;aperture&quot;:&quot;5.3&quot;,&quot;credit&quot;:&quot;Picasa&quot;,&quot;camera&quot;:&quot;NIKON D90&quot;,&quot;caption&quot;:&quot;&quot;,&quot;created_timestamp&quot;:&quot;1757772281&quot;,&quot;copyright&quot;:&quot;&quot;,&quot;focal_length&quot;:&quot;70&quot;,&quot;iso&quot;:&quot;1600&quot;,&quot;shutter_speed&quot;:&quot;0.0125&quot;,&quot;title&quot;:&quot;&quot;,&quot;orientation&quot;:&quot;0&quot;}\" data-image-title=\"DSC_0331\" data-image-description=\"\" data-image-caption=\"\" data-medium-file=\"http:\/\/ivoreya-judo.si.afna.si\/wp-content\/uploads\/DSC_0331-199x300.jpg\" data-large-file=\"http:\/\/ivoreya-judo.si.afna.si\/wp-content\/uploads\/DSC_0331-680x1024.jpg\" data-id=\"18924\" src=\"http:\/\/ivoreya-judo.si.afna.si\/wp-content\/uploads\/DSC_0331-680x1024.jpg\" alt=\"\" class=\"wp-image-18924\" srcset=\"http:\/\/ivoreya-judo.si.afna.si\/wp-content\/uploads\/DSC_0331-680x1024.jpg 680w, http:\/\/ivoreya-judo.si.afna.si\/wp-content\/uploads\/DSC_0331-199x300.jpg 199w, http:\/\/ivoreya-judo.si.afna.si\/wp-content\/uploads\/DSC_0331-768x1156.jpg 768w, http:\/\/ivoreya-judo.si.afna.si\/wp-content\/uploads\/DSC_0331-1020x1536.jpg 1020w, http:\/\/ivoreya-judo.si.afna.si\/wp-content\/uploads\/DSC_0331-624x939.jpg 624w, http:\/\/ivoreya-judo.si.afna.si\/wp-content\/uploads\/DSC_0331.jpg 1063w\" sizes=\"auto, (max-width: 680px) 100vw, 680px\" \/><\/figure>\n\n\n\n<figure class=\"wp-block-image size-large\"><img loading=\"lazy\" decoding=\"async\" width=\"1024\" height=\"680\" data-attachment-id=\"18925\" data-permalink=\"http:\/\/ivoreya-judo.si.afna.si\/?attachment_id=18925\" data-orig-file=\"http:\/\/ivoreya-judo.si.afna.si\/wp-content\/uploads\/DSC_0335-1.jpg\" data-orig-size=\"1600,1063\" data-comments-opened=\"0\" data-image-meta=\"{&quot;aperture&quot;:&quot;4.5&quot;,&quot;credit&quot;:&quot;Picasa&quot;,&quot;camera&quot;:&quot;NIKON D90&quot;,&quot;caption&quot;:&quot;&quot;,&quot;created_timestamp&quot;:&quot;1757772418&quot;,&quot;copyright&quot;:&quot;&quot;,&quot;focal_length&quot;:&quot;38&quot;,&quot;iso&quot;:&quot;1600&quot;,&quot;shutter_speed&quot;:&quot;0.01&quot;,&quot;title&quot;:&quot;&quot;,&quot;orientation&quot;:&quot;0&quot;}\" data-image-title=\"DSC_0335\" data-image-description=\"\" data-image-caption=\"\" data-medium-file=\"http:\/\/ivoreya-judo.si.afna.si\/wp-content\/uploads\/DSC_0335-1-300x199.jpg\" data-large-file=\"http:\/\/ivoreya-judo.si.afna.si\/wp-content\/uploads\/DSC_0335-1-1024x680.jpg\" data-id=\"18925\" src=\"http:\/\/ivoreya-judo.si.afna.si\/wp-content\/uploads\/DSC_0335-1-1024x680.jpg\" alt=\"\" class=\"wp-image-18925\" srcset=\"http:\/\/ivoreya-judo.si.afna.si\/wp-content\/uploads\/DSC_0335-1-1024x680.jpg 1024w, http:\/\/ivoreya-judo.si.afna.si\/wp-content\/uploads\/DSC_0335-1-300x199.jpg 300w, http:\/\/ivoreya-judo.si.afna.si\/wp-content\/uploads\/DSC_0335-1-768x510.jpg 768w, http:\/\/ivoreya-judo.si.afna.si\/wp-content\/uploads\/DSC_0335-1-1536x1020.jpg 1536w, http:\/\/ivoreya-judo.si.afna.si\/wp-content\/uploads\/DSC_0335-1-624x415.jpg 624w, http:\/\/ivoreya-judo.si.afna.si\/wp-content\/uploads\/DSC_0335-1.jpg 1600w\" sizes=\"auto, (max-width: 1024px) 100vw, 1024px\" \/><\/figure>\n<\/figure>\n","protected":false},"excerpt":{"rendered":"<p>POKAL OPLOTNICE, 13.09.&#8217;25, Oplotnica, SLO Komaj se je dobro pri\u010delo novo \u0161olsko leto in \u017ee je tu prva tekma. Judo klub Oplotnica je organiziral mednarodni turnir Oplotnica na katerem je sodelovalo 28 klubov in 171 tekmovalcev in tekmovalk iz petih dr\u017eav. Nastopilo so v starostni kategoriji U10, U12 in U14. Na\u0161 klub je domov prinesel [&hellip;]<\/p>\n","protected":false},"author":2,"featured_media":0,"comment_status":"closed","ping_status":"open","sticky":false,"template":"","format":"standard","meta":{"ngg_post_thumbnail":0,"_jetpack_newsletter_access":"","_jetpack_dont_email_post_to_subs":true,"_jetpack_newsletter_tier_id":0,"_jetpack_memberships_contains_paywalled_content":false,"_jetpack_memberships_contains_paid_content":false,"footnotes":""},"categories":[1],"tags":[],"class_list":["post-18912","post","type-post","status-publish","format-standard","hentry","category-uncategorized"],"jetpack_featured_media_url":"","jetpack_shortlink":"https:\/\/wp.me\/p345DH-4V2","jetpack_sharing_enabled":true,"_links":{"self":[{"href":"http:\/\/ivoreya-judo.si.afna.si\/index.php?rest_route=\/wp\/v2\/posts\/18912","targetHints":{"allow":["GET"]}}],"collection":[{"href":"http:\/\/ivoreya-judo.si.afna.si\/index.php?rest_route=\/wp\/v2\/posts"}],"about":[{"href":"http:\/\/ivoreya-judo.si.afna.si\/index.php?rest_route=\/wp\/v2\/types\/post"}],"author":[{"embeddable":true,"href":"http:\/\/ivoreya-judo.si.afna.si\/index.php?rest_route=\/wp\/v2\/users\/2"}],"replies":[{"embeddable":true,"href":"http:\/\/ivoreya-judo.si.afna.si\/index.php?rest_route=%2Fwp%2Fv2%2Fcomments&post=18912"}],"version-history":[{"count":1,"href":"http:\/\/ivoreya-judo.si.afna.si\/index.php?rest_route=\/wp\/v2\/posts\/18912\/revisions"}],"predecessor-version":[{"id":18926,"href":"http:\/\/ivoreya-judo.si.afna.si\/index.php?rest_route=\/wp\/v2\/posts\/18912\/revisions\/18926"}],"wp:attachment":[{"href":"http:\/\/ivoreya-judo.si.afna.si\/index.php?rest_route=%2Fwp%2Fv2%2Fmedia&parent=18912"}],"wp:term":[{"taxonomy":"category","embeddable":true,"href":"http:\/\/ivoreya-judo.si.afna.si\/index.php?rest_route=%2Fwp%2Fv2%2Fcategories&post=18912"},{"taxonomy":"post_tag","embeddable":true,"href":"http:\/\/ivoreya-judo.si.afna.si\/index.php?rest_route=%2Fwp%2Fv2%2Ftags&post=18912"}],"curies":[{"name":"wp","href":"https:\/\/api.w.org\/{rel}","templated":true}]}}