{"id":18971,"date":"2025-10-14T12:03:37","date_gmt":"2025-10-14T11:03:37","guid":{"rendered":"http:\/\/ivoreya-judo.si.afna.si\/?p=18971"},"modified":"2025-10-14T12:03:38","modified_gmt":"2025-10-14T11:03:38","slug":"pokal-komenda-11-in12-1025-komenda-slo","status":"publish","type":"post","link":"http:\/\/ivoreya-judo.si.afna.si\/?p=18971","title":{"rendered":"POKAL KOMENDA, 11.in12.10&#8217;25, Komenda, SLO"},"content":{"rendered":"\n<p>POKAL KOMENDE, 11. in 12. 10. &#8217;25, Komenda, SLO<\/p>\n\n\n\n<p>V sboto 11. in nedeljo 12. oktobra je potekal mednarodni Pokal Komenda. V sobot so tekmovali v starostni kategoriji U12, U14 in U16 v nedeljo pa so pri\u0161li na vrsto najmlaj\u0161i tekmovalci U8 in U10. V sobotnem delu smo peljali tiste tekmovalce, ki \u0161e nimajo veliko izku\u0161enj v borba na mednarodnih turnirjih.<br>Na\u0161i tekmovalci, ki so nastopili v starostni kategorji U12 in U14 so pokazali odli\u010dne borbe in veliko poguma. Najve\u010d uspeha je imela Izabela, ki je osvojila 3. mesto.<br>V nedeljo pa so na\u0161i najmlaj\u0161i bili bolj uspe\u0161ni in pokazali, da dobro dohitevajo starej\u0161e tekmovalce.<\/p>\n\n\n\n<p>REZULTATI<\/p>\n\n\n\n<p>U12<\/p>\n\n\n\n<p>Tajra DEMIROVI\u0106 -36 kg \/<br>Vanesa VRBNJAK -44 kg 5. mesto<br>Izabela TOVORNIK +57 kg 3. mesto<\/p>\n\n\n\n<p>Aleks DIZDAREVI\u0106 -35 kg 5. mesto<br>Nikola JANJI\u0106 -38 kg 9. mesto<\/p>\n\n\n\n<p>U14<\/p>\n\n\n\n<p>Benjamin KUDER -38 kg 7. mesto<br>Benjamin DEDI\u0106 -55 kg \/<\/p>\n\n\n\n<p>U8<\/p>\n\n\n\n<p>Vuj VOJVODI\u0106 1. mesto<br>Mia LE\u0160NIK VERSTOV\u0160EK 1. mesto<br>Vanja GAJEVI\u0106 2. mesto<br>Patrik VELIKANJE 3. mesto<\/p>\n\n\n\n<p>\u010cestitke<\/p>\n\n\n\n<figure class=\"wp-block-gallery has-nested-images columns-default is-cropped wp-block-gallery-1 is-layout-flex wp-block-gallery-is-layout-flex\">\n<figure class=\"wp-block-image size-large\"><img loading=\"lazy\" decoding=\"async\" width=\"1024\" height=\"680\" data-attachment-id=\"18972\" data-permalink=\"http:\/\/ivoreya-judo.si.afna.si\/?attachment_id=18972\" data-orig-file=\"http:\/\/ivoreya-judo.si.afna.si\/wp-content\/uploads\/DSC_0018.jpg\" data-orig-size=\"1600,1063\" data-comments-opened=\"0\" data-image-meta=\"{&quot;aperture&quot;:&quot;4&quot;,&quot;credit&quot;:&quot;Picasa&quot;,&quot;camera&quot;:&quot;NIKON D90&quot;,&quot;caption&quot;:&quot;&quot;,&quot;created_timestamp&quot;:&quot;1760206359&quot;,&quot;copyright&quot;:&quot;&quot;,&quot;focal_length&quot;:&quot;28&quot;,&quot;iso&quot;:&quot;640&quot;,&quot;shutter_speed&quot;:&quot;0.016666666666667&quot;,&quot;title&quot;:&quot;&quot;,&quot;orientation&quot;:&quot;0&quot;}\" data-image-title=\"DSC_0018\" data-image-description=\"\" data-image-caption=\"\" data-medium-file=\"http:\/\/ivoreya-judo.si.afna.si\/wp-content\/uploads\/DSC_0018-300x199.jpg\" data-large-file=\"http:\/\/ivoreya-judo.si.afna.si\/wp-content\/uploads\/DSC_0018-1024x680.jpg\" data-id=\"18972\" src=\"http:\/\/ivoreya-judo.si.afna.si\/wp-content\/uploads\/DSC_0018-1024x680.jpg\" alt=\"\" class=\"wp-image-18972\" srcset=\"http:\/\/ivoreya-judo.si.afna.si\/wp-content\/uploads\/DSC_0018-1024x680.jpg 1024w, http:\/\/ivoreya-judo.si.afna.si\/wp-content\/uploads\/DSC_0018-300x199.jpg 300w, http:\/\/ivoreya-judo.si.afna.si\/wp-content\/uploads\/DSC_0018-768x510.jpg 768w, http:\/\/ivoreya-judo.si.afna.si\/wp-content\/uploads\/DSC_0018-1536x1020.jpg 1536w, http:\/\/ivoreya-judo.si.afna.si\/wp-content\/uploads\/DSC_0018-624x415.jpg 624w, http:\/\/ivoreya-judo.si.afna.si\/wp-content\/uploads\/DSC_0018.jpg 1600w\" sizes=\"auto, (max-width: 1024px) 100vw, 1024px\" \/><\/figure>\n\n\n\n<figure class=\"wp-block-image size-large\"><img loading=\"lazy\" decoding=\"async\" width=\"1024\" height=\"680\" data-attachment-id=\"18976\" data-permalink=\"http:\/\/ivoreya-judo.si.afna.si\/?attachment_id=18976\" data-orig-file=\"http:\/\/ivoreya-judo.si.afna.si\/wp-content\/uploads\/DSC_0020.jpg\" data-orig-size=\"1600,1063\" data-comments-opened=\"0\" data-image-meta=\"{&quot;aperture&quot;:&quot;3.8&quot;,&quot;credit&quot;:&quot;Picasa&quot;,&quot;camera&quot;:&quot;NIKON D90&quot;,&quot;caption&quot;:&quot;&quot;,&quot;created_timestamp&quot;:&quot;1760206379&quot;,&quot;copyright&quot;:&quot;&quot;,&quot;focal_length&quot;:&quot;22&quot;,&quot;iso&quot;:&quot;640&quot;,&quot;shutter_speed&quot;:&quot;0.016666666666667&quot;,&quot;title&quot;:&quot;&quot;,&quot;orientation&quot;:&quot;0&quot;}\" data-image-title=\"DSC_0020\" data-image-description=\"\" data-image-caption=\"\" data-medium-file=\"http:\/\/ivoreya-judo.si.afna.si\/wp-content\/uploads\/DSC_0020-300x199.jpg\" data-large-file=\"http:\/\/ivoreya-judo.si.afna.si\/wp-content\/uploads\/DSC_0020-1024x680.jpg\" data-id=\"18976\" src=\"http:\/\/ivoreya-judo.si.afna.si\/wp-content\/uploads\/DSC_0020-1024x680.jpg\" alt=\"\" class=\"wp-image-18976\" srcset=\"http:\/\/ivoreya-judo.si.afna.si\/wp-content\/uploads\/DSC_0020-1024x680.jpg 1024w, http:\/\/ivoreya-judo.si.afna.si\/wp-content\/uploads\/DSC_0020-300x199.jpg 300w, http:\/\/ivoreya-judo.si.afna.si\/wp-content\/uploads\/DSC_0020-768x510.jpg 768w, http:\/\/ivoreya-judo.si.afna.si\/wp-content\/uploads\/DSC_0020-1536x1020.jpg 1536w, http:\/\/ivoreya-judo.si.afna.si\/wp-content\/uploads\/DSC_0020-624x415.jpg 624w, http:\/\/ivoreya-judo.si.afna.si\/wp-content\/uploads\/DSC_0020.jpg 1600w\" sizes=\"auto, (max-width: 1024px) 100vw, 1024px\" \/><\/figure>\n\n\n\n<figure class=\"wp-block-image size-large\"><img loading=\"lazy\" decoding=\"async\" width=\"1024\" height=\"680\" data-attachment-id=\"18973\" data-permalink=\"http:\/\/ivoreya-judo.si.afna.si\/?attachment_id=18973\" data-orig-file=\"http:\/\/ivoreya-judo.si.afna.si\/wp-content\/uploads\/DSC_0022.jpg\" data-orig-size=\"1600,1063\" data-comments-opened=\"0\" data-image-meta=\"{&quot;aperture&quot;:&quot;3.8&quot;,&quot;credit&quot;:&quot;Picasa&quot;,&quot;camera&quot;:&quot;NIKON D90&quot;,&quot;caption&quot;:&quot;&quot;,&quot;created_timestamp&quot;:&quot;1760206404&quot;,&quot;copyright&quot;:&quot;&quot;,&quot;focal_length&quot;:&quot;21&quot;,&quot;iso&quot;:&quot;640&quot;,&quot;shutter_speed&quot;:&quot;0.016666666666667&quot;,&quot;title&quot;:&quot;&quot;,&quot;orientation&quot;:&quot;0&quot;}\" data-image-title=\"DSC_0022\" data-image-description=\"\" data-image-caption=\"\" data-medium-file=\"http:\/\/ivoreya-judo.si.afna.si\/wp-content\/uploads\/DSC_0022-300x199.jpg\" data-large-file=\"http:\/\/ivoreya-judo.si.afna.si\/wp-content\/uploads\/DSC_0022-1024x680.jpg\" data-id=\"18973\" src=\"http:\/\/ivoreya-judo.si.afna.si\/wp-content\/uploads\/DSC_0022-1024x680.jpg\" alt=\"\" class=\"wp-image-18973\" srcset=\"http:\/\/ivoreya-judo.si.afna.si\/wp-content\/uploads\/DSC_0022-1024x680.jpg 1024w, http:\/\/ivoreya-judo.si.afna.si\/wp-content\/uploads\/DSC_0022-300x199.jpg 300w, http:\/\/ivoreya-judo.si.afna.si\/wp-content\/uploads\/DSC_0022-768x510.jpg 768w, http:\/\/ivoreya-judo.si.afna.si\/wp-content\/uploads\/DSC_0022-1536x1020.jpg 1536w, http:\/\/ivoreya-judo.si.afna.si\/wp-content\/uploads\/DSC_0022-624x415.jpg 624w, http:\/\/ivoreya-judo.si.afna.si\/wp-content\/uploads\/DSC_0022.jpg 1600w\" sizes=\"auto, (max-width: 1024px) 100vw, 1024px\" \/><\/figure>\n\n\n\n<figure class=\"wp-block-image size-large\"><img loading=\"lazy\" decoding=\"async\" width=\"1024\" height=\"680\" data-attachment-id=\"18974\" data-permalink=\"http:\/\/ivoreya-judo.si.afna.si\/?attachment_id=18974\" data-orig-file=\"http:\/\/ivoreya-judo.si.afna.si\/wp-content\/uploads\/DSC_0025-1.jpg\" data-orig-size=\"1600,1063\" data-comments-opened=\"0\" data-image-meta=\"{&quot;aperture&quot;:&quot;3.8&quot;,&quot;credit&quot;:&quot;Picasa&quot;,&quot;camera&quot;:&quot;NIKON D90&quot;,&quot;caption&quot;:&quot;&quot;,&quot;created_timestamp&quot;:&quot;1760206408&quot;,&quot;copyright&quot;:&quot;&quot;,&quot;focal_length&quot;:&quot;24&quot;,&quot;iso&quot;:&quot;640&quot;,&quot;shutter_speed&quot;:&quot;0.016666666666667&quot;,&quot;title&quot;:&quot;&quot;,&quot;orientation&quot;:&quot;0&quot;}\" data-image-title=\"DSC_0025\" data-image-description=\"\" data-image-caption=\"\" data-medium-file=\"http:\/\/ivoreya-judo.si.afna.si\/wp-content\/uploads\/DSC_0025-1-300x199.jpg\" data-large-file=\"http:\/\/ivoreya-judo.si.afna.si\/wp-content\/uploads\/DSC_0025-1-1024x680.jpg\" data-id=\"18974\" src=\"http:\/\/ivoreya-judo.si.afna.si\/wp-content\/uploads\/DSC_0025-1-1024x680.jpg\" alt=\"\" class=\"wp-image-18974\" srcset=\"http:\/\/ivoreya-judo.si.afna.si\/wp-content\/uploads\/DSC_0025-1-1024x680.jpg 1024w, http:\/\/ivoreya-judo.si.afna.si\/wp-content\/uploads\/DSC_0025-1-300x199.jpg 300w, http:\/\/ivoreya-judo.si.afna.si\/wp-content\/uploads\/DSC_0025-1-768x510.jpg 768w, http:\/\/ivoreya-judo.si.afna.si\/wp-content\/uploads\/DSC_0025-1-1536x1020.jpg 1536w, http:\/\/ivoreya-judo.si.afna.si\/wp-content\/uploads\/DSC_0025-1-624x415.jpg 624w, http:\/\/ivoreya-judo.si.afna.si\/wp-content\/uploads\/DSC_0025-1.jpg 1600w\" sizes=\"auto, (max-width: 1024px) 100vw, 1024px\" \/><\/figure>\n\n\n\n<figure class=\"wp-block-image size-large\"><img loading=\"lazy\" decoding=\"async\" width=\"1024\" height=\"680\" data-attachment-id=\"18975\" data-permalink=\"http:\/\/ivoreya-judo.si.afna.si\/?attachment_id=18975\" data-orig-file=\"http:\/\/ivoreya-judo.si.afna.si\/wp-content\/uploads\/DSC_0026-2.jpg\" data-orig-size=\"1600,1063\" data-comments-opened=\"0\" data-image-meta=\"{&quot;aperture&quot;:&quot;4.8&quot;,&quot;credit&quot;:&quot;Picasa&quot;,&quot;camera&quot;:&quot;NIKON D90&quot;,&quot;caption&quot;:&quot;&quot;,&quot;created_timestamp&quot;:&quot;1760206950&quot;,&quot;copyright&quot;:&quot;&quot;,&quot;focal_length&quot;:&quot;45&quot;,&quot;iso&quot;:&quot;640&quot;,&quot;shutter_speed&quot;:&quot;0.016666666666667&quot;,&quot;title&quot;:&quot;&quot;,&quot;orientation&quot;:&quot;0&quot;}\" data-image-title=\"DSC_0026\" data-image-description=\"\" data-image-caption=\"\" data-medium-file=\"http:\/\/ivoreya-judo.si.afna.si\/wp-content\/uploads\/DSC_0026-2-300x199.jpg\" data-large-file=\"http:\/\/ivoreya-judo.si.afna.si\/wp-content\/uploads\/DSC_0026-2-1024x680.jpg\" data-id=\"18975\" src=\"http:\/\/ivoreya-judo.si.afna.si\/wp-content\/uploads\/DSC_0026-2-1024x680.jpg\" alt=\"\" class=\"wp-image-18975\" srcset=\"http:\/\/ivoreya-judo.si.afna.si\/wp-content\/uploads\/DSC_0026-2-1024x680.jpg 1024w, http:\/\/ivoreya-judo.si.afna.si\/wp-content\/uploads\/DSC_0026-2-300x199.jpg 300w, http:\/\/ivoreya-judo.si.afna.si\/wp-content\/uploads\/DSC_0026-2-768x510.jpg 768w, http:\/\/ivoreya-judo.si.afna.si\/wp-content\/uploads\/DSC_0026-2-1536x1020.jpg 1536w, http:\/\/ivoreya-judo.si.afna.si\/wp-content\/uploads\/DSC_0026-2-624x415.jpg 624w, http:\/\/ivoreya-judo.si.afna.si\/wp-content\/uploads\/DSC_0026-2.jpg 1600w\" sizes=\"auto, (max-width: 1024px) 100vw, 1024px\" \/><\/figure>\n\n\n\n<figure class=\"wp-block-image size-large\"><img loading=\"lazy\" decoding=\"async\" width=\"1024\" height=\"680\" data-attachment-id=\"18977\" data-permalink=\"http:\/\/ivoreya-judo.si.afna.si\/?attachment_id=18977\" data-orig-file=\"http:\/\/ivoreya-judo.si.afna.si\/wp-content\/uploads\/DSC_0027.jpg\" data-orig-size=\"1600,1063\" data-comments-opened=\"0\" data-image-meta=\"{&quot;aperture&quot;:&quot;5.6&quot;,&quot;credit&quot;:&quot;Picasa&quot;,&quot;camera&quot;:&quot;NIKON D90&quot;,&quot;caption&quot;:&quot;&quot;,&quot;created_timestamp&quot;:&quot;1760206952&quot;,&quot;copyright&quot;:&quot;&quot;,&quot;focal_length&quot;:&quot;105&quot;,&quot;iso&quot;:&quot;640&quot;,&quot;shutter_speed&quot;:&quot;0.016666666666667&quot;,&quot;title&quot;:&quot;&quot;,&quot;orientation&quot;:&quot;0&quot;}\" data-image-title=\"DSC_0027\" data-image-description=\"\" data-image-caption=\"\" data-medium-file=\"http:\/\/ivoreya-judo.si.afna.si\/wp-content\/uploads\/DSC_0027-300x199.jpg\" data-large-file=\"http:\/\/ivoreya-judo.si.afna.si\/wp-content\/uploads\/DSC_0027-1024x680.jpg\" data-id=\"18977\" src=\"http:\/\/ivoreya-judo.si.afna.si\/wp-content\/uploads\/DSC_0027-1024x680.jpg\" alt=\"\" class=\"wp-image-18977\" srcset=\"http:\/\/ivoreya-judo.si.afna.si\/wp-content\/uploads\/DSC_0027-1024x680.jpg 1024w, http:\/\/ivoreya-judo.si.afna.si\/wp-content\/uploads\/DSC_0027-300x199.jpg 300w, http:\/\/ivoreya-judo.si.afna.si\/wp-content\/uploads\/DSC_0027-768x510.jpg 768w, http:\/\/ivoreya-judo.si.afna.si\/wp-content\/uploads\/DSC_0027-1536x1020.jpg 1536w, http:\/\/ivoreya-judo.si.afna.si\/wp-content\/uploads\/DSC_0027-624x415.jpg 624w, http:\/\/ivoreya-judo.si.afna.si\/wp-content\/uploads\/DSC_0027.jpg 1600w\" sizes=\"auto, (max-width: 1024px) 100vw, 1024px\" \/><\/figure>\n\n\n\n<figure class=\"wp-block-image size-large\"><img loading=\"lazy\" decoding=\"async\" width=\"1024\" height=\"680\" data-attachment-id=\"18978\" data-permalink=\"http:\/\/ivoreya-judo.si.afna.si\/?attachment_id=18978\" data-orig-file=\"http:\/\/ivoreya-judo.si.afna.si\/wp-content\/uploads\/DSC_0029-1.jpg\" data-orig-size=\"1600,1063\" data-comments-opened=\"0\" data-image-meta=\"{&quot;aperture&quot;:&quot;5.3&quot;,&quot;credit&quot;:&quot;Picasa&quot;,&quot;camera&quot;:&quot;NIKON D90&quot;,&quot;caption&quot;:&quot;&quot;,&quot;created_timestamp&quot;:&quot;1760206963&quot;,&quot;copyright&quot;:&quot;&quot;,&quot;focal_length&quot;:&quot;80&quot;,&quot;iso&quot;:&quot;640&quot;,&quot;shutter_speed&quot;:&quot;0.016666666666667&quot;,&quot;title&quot;:&quot;&quot;,&quot;orientation&quot;:&quot;0&quot;}\" data-image-title=\"DSC_0029\" data-image-description=\"\" data-image-caption=\"\" data-medium-file=\"http:\/\/ivoreya-judo.si.afna.si\/wp-content\/uploads\/DSC_0029-1-300x199.jpg\" data-large-file=\"http:\/\/ivoreya-judo.si.afna.si\/wp-content\/uploads\/DSC_0029-1-1024x680.jpg\" data-id=\"18978\" src=\"http:\/\/ivoreya-judo.si.afna.si\/wp-content\/uploads\/DSC_0029-1-1024x680.jpg\" alt=\"\" class=\"wp-image-18978\" srcset=\"http:\/\/ivoreya-judo.si.afna.si\/wp-content\/uploads\/DSC_0029-1-1024x680.jpg 1024w, http:\/\/ivoreya-judo.si.afna.si\/wp-content\/uploads\/DSC_0029-1-300x199.jpg 300w, http:\/\/ivoreya-judo.si.afna.si\/wp-content\/uploads\/DSC_0029-1-768x510.jpg 768w, http:\/\/ivoreya-judo.si.afna.si\/wp-content\/uploads\/DSC_0029-1-1536x1020.jpg 1536w, http:\/\/ivoreya-judo.si.afna.si\/wp-content\/uploads\/DSC_0029-1-624x415.jpg 624w, http:\/\/ivoreya-judo.si.afna.si\/wp-content\/uploads\/DSC_0029-1.jpg 1600w\" sizes=\"auto, (max-width: 1024px) 100vw, 1024px\" \/><\/figure>\n\n\n\n<figure class=\"wp-block-image size-large\"><img loading=\"lazy\" decoding=\"async\" width=\"680\" height=\"1024\" data-attachment-id=\"18979\" data-permalink=\"http:\/\/ivoreya-judo.si.afna.si\/?attachment_id=18979\" data-orig-file=\"http:\/\/ivoreya-judo.si.afna.si\/wp-content\/uploads\/DSC_0030.jpg\" data-orig-size=\"1063,1600\" data-comments-opened=\"0\" data-image-meta=\"{&quot;aperture&quot;:&quot;4.8&quot;,&quot;credit&quot;:&quot;Picasa&quot;,&quot;camera&quot;:&quot;NIKON D90&quot;,&quot;caption&quot;:&quot;&quot;,&quot;created_timestamp&quot;:&quot;1760206991&quot;,&quot;copyright&quot;:&quot;&quot;,&quot;focal_length&quot;:&quot;48&quot;,&quot;iso&quot;:&quot;640&quot;,&quot;shutter_speed&quot;:&quot;0.016666666666667&quot;,&quot;title&quot;:&quot;&quot;,&quot;orientation&quot;:&quot;0&quot;}\" data-image-title=\"DSC_0030\" data-image-description=\"\" data-image-caption=\"\" data-medium-file=\"http:\/\/ivoreya-judo.si.afna.si\/wp-content\/uploads\/DSC_0030-199x300.jpg\" data-large-file=\"http:\/\/ivoreya-judo.si.afna.si\/wp-content\/uploads\/DSC_0030-680x1024.jpg\" data-id=\"18979\" src=\"http:\/\/ivoreya-judo.si.afna.si\/wp-content\/uploads\/DSC_0030-680x1024.jpg\" alt=\"\" class=\"wp-image-18979\" srcset=\"http:\/\/ivoreya-judo.si.afna.si\/wp-content\/uploads\/DSC_0030-680x1024.jpg 680w, http:\/\/ivoreya-judo.si.afna.si\/wp-content\/uploads\/DSC_0030-199x300.jpg 199w, http:\/\/ivoreya-judo.si.afna.si\/wp-content\/uploads\/DSC_0030-768x1156.jpg 768w, http:\/\/ivoreya-judo.si.afna.si\/wp-content\/uploads\/DSC_0030-1020x1536.jpg 1020w, http:\/\/ivoreya-judo.si.afna.si\/wp-content\/uploads\/DSC_0030-624x939.jpg 624w, http:\/\/ivoreya-judo.si.afna.si\/wp-content\/uploads\/DSC_0030.jpg 1063w\" sizes=\"auto, (max-width: 680px) 100vw, 680px\" \/><\/figure>\n\n\n\n<figure class=\"wp-block-image size-large\"><img loading=\"lazy\" decoding=\"async\" width=\"1024\" height=\"768\" data-attachment-id=\"18981\" data-permalink=\"http:\/\/ivoreya-judo.si.afna.si\/?attachment_id=18981\" data-orig-file=\"http:\/\/ivoreya-judo.si.afna.si\/wp-content\/uploads\/20251012_112135-1-scaled.jpg\" data-orig-size=\"2560,1920\" data-comments-opened=\"0\" data-image-meta=\"{&quot;aperture&quot;:&quot;1.8&quot;,&quot;credit&quot;:&quot;&quot;,&quot;camera&quot;:&quot;Galaxy S25&quot;,&quot;caption&quot;:&quot;&quot;,&quot;created_timestamp&quot;:&quot;1760268095&quot;,&quot;copyright&quot;:&quot;&quot;,&quot;focal_length&quot;:&quot;5.4&quot;,&quot;iso&quot;:&quot;64&quot;,&quot;shutter_speed&quot;:&quot;0.009991324&quot;,&quot;title&quot;:&quot;&quot;,&quot;orientation&quot;:&quot;1&quot;}\" data-image-title=\"20251012_112135\" data-image-description=\"\" data-image-caption=\"\" data-medium-file=\"http:\/\/ivoreya-judo.si.afna.si\/wp-content\/uploads\/20251012_112135-1-300x225.jpg\" data-large-file=\"http:\/\/ivoreya-judo.si.afna.si\/wp-content\/uploads\/20251012_112135-1-1024x768.jpg\" data-id=\"18981\" src=\"http:\/\/ivoreya-judo.si.afna.si\/wp-content\/uploads\/20251012_112135-1-1024x768.jpg\" alt=\"\" class=\"wp-image-18981\" srcset=\"http:\/\/ivoreya-judo.si.afna.si\/wp-content\/uploads\/20251012_112135-1-1024x768.jpg 1024w, http:\/\/ivoreya-judo.si.afna.si\/wp-content\/uploads\/20251012_112135-1-300x225.jpg 300w, http:\/\/ivoreya-judo.si.afna.si\/wp-content\/uploads\/20251012_112135-1-768x576.jpg 768w, http:\/\/ivoreya-judo.si.afna.si\/wp-content\/uploads\/20251012_112135-1-1536x1152.jpg 1536w, http:\/\/ivoreya-judo.si.afna.si\/wp-content\/uploads\/20251012_112135-1-2048x1536.jpg 2048w, http:\/\/ivoreya-judo.si.afna.si\/wp-content\/uploads\/20251012_112135-1-624x468.jpg 624w\" sizes=\"auto, (max-width: 1024px) 100vw, 1024px\" \/><\/figure>\n\n\n\n<figure class=\"wp-block-image size-large\"><img loading=\"lazy\" decoding=\"async\" width=\"768\" height=\"1024\" data-attachment-id=\"18984\" data-permalink=\"http:\/\/ivoreya-judo.si.afna.si\/?attachment_id=18984\" data-orig-file=\"http:\/\/ivoreya-judo.si.afna.si\/wp-content\/uploads\/20251012_114339-scaled.jpg\" data-orig-size=\"1920,2560\" data-comments-opened=\"0\" data-image-meta=\"{&quot;aperture&quot;:&quot;1.8&quot;,&quot;credit&quot;:&quot;&quot;,&quot;camera&quot;:&quot;Galaxy S25&quot;,&quot;caption&quot;:&quot;&quot;,&quot;created_timestamp&quot;:&quot;1760269419&quot;,&quot;copyright&quot;:&quot;&quot;,&quot;focal_length&quot;:&quot;5.4&quot;,&quot;iso&quot;:&quot;100&quot;,&quot;shutter_speed&quot;:&quot;0.009991324&quot;,&quot;title&quot;:&quot;&quot;,&quot;orientation&quot;:&quot;1&quot;}\" data-image-title=\"20251012_114339\" data-image-description=\"\" data-image-caption=\"\" data-medium-file=\"http:\/\/ivoreya-judo.si.afna.si\/wp-content\/uploads\/20251012_114339-225x300.jpg\" data-large-file=\"http:\/\/ivoreya-judo.si.afna.si\/wp-content\/uploads\/20251012_114339-768x1024.jpg\" data-id=\"18984\" src=\"http:\/\/ivoreya-judo.si.afna.si\/wp-content\/uploads\/20251012_114339-768x1024.jpg\" alt=\"\" class=\"wp-image-18984\" srcset=\"http:\/\/ivoreya-judo.si.afna.si\/wp-content\/uploads\/20251012_114339-768x1024.jpg 768w, http:\/\/ivoreya-judo.si.afna.si\/wp-content\/uploads\/20251012_114339-225x300.jpg 225w, http:\/\/ivoreya-judo.si.afna.si\/wp-content\/uploads\/20251012_114339-1152x1536.jpg 1152w, http:\/\/ivoreya-judo.si.afna.si\/wp-content\/uploads\/20251012_114339-1536x2048.jpg 1536w, http:\/\/ivoreya-judo.si.afna.si\/wp-content\/uploads\/20251012_114339-624x832.jpg 624w, http:\/\/ivoreya-judo.si.afna.si\/wp-content\/uploads\/20251012_114339-scaled.jpg 1920w\" sizes=\"auto, (max-width: 768px) 100vw, 768px\" \/><\/figure>\n\n\n\n<figure class=\"wp-block-image size-large\"><img loading=\"lazy\" decoding=\"async\" width=\"768\" height=\"1024\" data-attachment-id=\"18982\" data-permalink=\"http:\/\/ivoreya-judo.si.afna.si\/?attachment_id=18982\" data-orig-file=\"http:\/\/ivoreya-judo.si.afna.si\/wp-content\/uploads\/20251012_130812-scaled.jpg\" data-orig-size=\"1920,2560\" data-comments-opened=\"0\" data-image-meta=\"{&quot;aperture&quot;:&quot;2.4&quot;,&quot;credit&quot;:&quot;&quot;,&quot;camera&quot;:&quot;Galaxy S25&quot;,&quot;caption&quot;:&quot;&quot;,&quot;created_timestamp&quot;:&quot;1760274493&quot;,&quot;copyright&quot;:&quot;&quot;,&quot;focal_length&quot;:&quot;7&quot;,&quot;iso&quot;:&quot;200&quot;,&quot;shutter_speed&quot;:&quot;0.009991324&quot;,&quot;title&quot;:&quot;&quot;,&quot;orientation&quot;:&quot;1&quot;}\" data-image-title=\"20251012_130812\" data-image-description=\"\" data-image-caption=\"\" data-medium-file=\"http:\/\/ivoreya-judo.si.afna.si\/wp-content\/uploads\/20251012_130812-225x300.jpg\" data-large-file=\"http:\/\/ivoreya-judo.si.afna.si\/wp-content\/uploads\/20251012_130812-768x1024.jpg\" data-id=\"18982\" src=\"http:\/\/ivoreya-judo.si.afna.si\/wp-content\/uploads\/20251012_130812-768x1024.jpg\" alt=\"\" class=\"wp-image-18982\" srcset=\"http:\/\/ivoreya-judo.si.afna.si\/wp-content\/uploads\/20251012_130812-768x1024.jpg 768w, http:\/\/ivoreya-judo.si.afna.si\/wp-content\/uploads\/20251012_130812-225x300.jpg 225w, http:\/\/ivoreya-judo.si.afna.si\/wp-content\/uploads\/20251012_130812-1152x1536.jpg 1152w, http:\/\/ivoreya-judo.si.afna.si\/wp-content\/uploads\/20251012_130812-1536x2048.jpg 1536w, http:\/\/ivoreya-judo.si.afna.si\/wp-content\/uploads\/20251012_130812-624x832.jpg 624w, http:\/\/ivoreya-judo.si.afna.si\/wp-content\/uploads\/20251012_130812-scaled.jpg 1920w\" sizes=\"auto, (max-width: 768px) 100vw, 768px\" \/><\/figure>\n\n\n\n<figure class=\"wp-block-image size-large\"><img loading=\"lazy\" decoding=\"async\" width=\"768\" height=\"1024\" data-attachment-id=\"18986\" data-permalink=\"http:\/\/ivoreya-judo.si.afna.si\/?attachment_id=18986\" data-orig-file=\"http:\/\/ivoreya-judo.si.afna.si\/wp-content\/uploads\/20251012_130830-scaled.jpg\" data-orig-size=\"1920,2560\" data-comments-opened=\"0\" data-image-meta=\"{&quot;aperture&quot;:&quot;1.8&quot;,&quot;credit&quot;:&quot;&quot;,&quot;camera&quot;:&quot;Galaxy S25&quot;,&quot;caption&quot;:&quot;&quot;,&quot;created_timestamp&quot;:&quot;1760274510&quot;,&quot;copyright&quot;:&quot;&quot;,&quot;focal_length&quot;:&quot;5.4&quot;,&quot;iso&quot;:&quot;200&quot;,&quot;shutter_speed&quot;:&quot;0.009991324&quot;,&quot;title&quot;:&quot;&quot;,&quot;orientation&quot;:&quot;1&quot;}\" data-image-title=\"20251012_130830\" data-image-description=\"\" data-image-caption=\"\" data-medium-file=\"http:\/\/ivoreya-judo.si.afna.si\/wp-content\/uploads\/20251012_130830-225x300.jpg\" data-large-file=\"http:\/\/ivoreya-judo.si.afna.si\/wp-content\/uploads\/20251012_130830-768x1024.jpg\" data-id=\"18986\" src=\"http:\/\/ivoreya-judo.si.afna.si\/wp-content\/uploads\/20251012_130830-768x1024.jpg\" alt=\"\" class=\"wp-image-18986\" srcset=\"http:\/\/ivoreya-judo.si.afna.si\/wp-content\/uploads\/20251012_130830-768x1024.jpg 768w, http:\/\/ivoreya-judo.si.afna.si\/wp-content\/uploads\/20251012_130830-225x300.jpg 225w, http:\/\/ivoreya-judo.si.afna.si\/wp-content\/uploads\/20251012_130830-1152x1536.jpg 1152w, http:\/\/ivoreya-judo.si.afna.si\/wp-content\/uploads\/20251012_130830-1536x2048.jpg 1536w, http:\/\/ivoreya-judo.si.afna.si\/wp-content\/uploads\/20251012_130830-624x832.jpg 624w, http:\/\/ivoreya-judo.si.afna.si\/wp-content\/uploads\/20251012_130830-scaled.jpg 1920w\" sizes=\"auto, (max-width: 768px) 100vw, 768px\" \/><\/figure>\n\n\n\n<figure class=\"wp-block-image size-large\"><img loading=\"lazy\" decoding=\"async\" width=\"768\" height=\"1024\" data-attachment-id=\"18983\" data-permalink=\"http:\/\/ivoreya-judo.si.afna.si\/?attachment_id=18983\" data-orig-file=\"http:\/\/ivoreya-judo.si.afna.si\/wp-content\/uploads\/20251012_130845-scaled.jpg\" data-orig-size=\"1920,2560\" data-comments-opened=\"0\" data-image-meta=\"{&quot;aperture&quot;:&quot;1.8&quot;,&quot;credit&quot;:&quot;&quot;,&quot;camera&quot;:&quot;Galaxy S25&quot;,&quot;caption&quot;:&quot;&quot;,&quot;created_timestamp&quot;:&quot;1760274525&quot;,&quot;copyright&quot;:&quot;&quot;,&quot;focal_length&quot;:&quot;5.4&quot;,&quot;iso&quot;:&quot;125&quot;,&quot;shutter_speed&quot;:&quot;0.009991324&quot;,&quot;title&quot;:&quot;&quot;,&quot;orientation&quot;:&quot;1&quot;}\" data-image-title=\"20251012_130845\" data-image-description=\"\" data-image-caption=\"\" data-medium-file=\"http:\/\/ivoreya-judo.si.afna.si\/wp-content\/uploads\/20251012_130845-225x300.jpg\" data-large-file=\"http:\/\/ivoreya-judo.si.afna.si\/wp-content\/uploads\/20251012_130845-768x1024.jpg\" data-id=\"18983\" src=\"http:\/\/ivoreya-judo.si.afna.si\/wp-content\/uploads\/20251012_130845-768x1024.jpg\" alt=\"\" class=\"wp-image-18983\" srcset=\"http:\/\/ivoreya-judo.si.afna.si\/wp-content\/uploads\/20251012_130845-768x1024.jpg 768w, http:\/\/ivoreya-judo.si.afna.si\/wp-content\/uploads\/20251012_130845-225x300.jpg 225w, http:\/\/ivoreya-judo.si.afna.si\/wp-content\/uploads\/20251012_130845-1152x1536.jpg 1152w, http:\/\/ivoreya-judo.si.afna.si\/wp-content\/uploads\/20251012_130845-1536x2048.jpg 1536w, http:\/\/ivoreya-judo.si.afna.si\/wp-content\/uploads\/20251012_130845-624x832.jpg 624w, http:\/\/ivoreya-judo.si.afna.si\/wp-content\/uploads\/20251012_130845-scaled.jpg 1920w\" sizes=\"auto, (max-width: 768px) 100vw, 768px\" \/><\/figure>\n\n\n\n<figure class=\"wp-block-image size-large\"><img loading=\"lazy\" decoding=\"async\" width=\"768\" height=\"1024\" data-attachment-id=\"18985\" data-permalink=\"http:\/\/ivoreya-judo.si.afna.si\/?attachment_id=18985\" data-orig-file=\"http:\/\/ivoreya-judo.si.afna.si\/wp-content\/uploads\/20251012_131426-scaled.jpg\" data-orig-size=\"1920,2560\" data-comments-opened=\"0\" data-image-meta=\"{&quot;aperture&quot;:&quot;1.8&quot;,&quot;credit&quot;:&quot;&quot;,&quot;camera&quot;:&quot;Galaxy S25&quot;,&quot;caption&quot;:&quot;&quot;,&quot;created_timestamp&quot;:&quot;1760274866&quot;,&quot;copyright&quot;:&quot;&quot;,&quot;focal_length&quot;:&quot;5.4&quot;,&quot;iso&quot;:&quot;80&quot;,&quot;shutter_speed&quot;:&quot;0.019982648&quot;,&quot;title&quot;:&quot;&quot;,&quot;orientation&quot;:&quot;1&quot;}\" data-image-title=\"20251012_131426\" data-image-description=\"\" data-image-caption=\"\" data-medium-file=\"http:\/\/ivoreya-judo.si.afna.si\/wp-content\/uploads\/20251012_131426-225x300.jpg\" data-large-file=\"http:\/\/ivoreya-judo.si.afna.si\/wp-content\/uploads\/20251012_131426-768x1024.jpg\" data-id=\"18985\" src=\"http:\/\/ivoreya-judo.si.afna.si\/wp-content\/uploads\/20251012_131426-768x1024.jpg\" alt=\"\" class=\"wp-image-18985\" srcset=\"http:\/\/ivoreya-judo.si.afna.si\/wp-content\/uploads\/20251012_131426-768x1024.jpg 768w, http:\/\/ivoreya-judo.si.afna.si\/wp-content\/uploads\/20251012_131426-225x300.jpg 225w, http:\/\/ivoreya-judo.si.afna.si\/wp-content\/uploads\/20251012_131426-1152x1536.jpg 1152w, http:\/\/ivoreya-judo.si.afna.si\/wp-content\/uploads\/20251012_131426-1536x2048.jpg 1536w, http:\/\/ivoreya-judo.si.afna.si\/wp-content\/uploads\/20251012_131426-624x832.jpg 624w, http:\/\/ivoreya-judo.si.afna.si\/wp-content\/uploads\/20251012_131426-scaled.jpg 1920w\" sizes=\"auto, (max-width: 768px) 100vw, 768px\" \/><\/figure>\n\n\n\n<figure class=\"wp-block-image size-large\"><img loading=\"lazy\" decoding=\"async\" width=\"768\" height=\"1024\" data-attachment-id=\"18987\" data-permalink=\"http:\/\/ivoreya-judo.si.afna.si\/?attachment_id=18987\" data-orig-file=\"http:\/\/ivoreya-judo.si.afna.si\/wp-content\/uploads\/20251012_131444-scaled.jpg\" data-orig-size=\"1920,2560\" data-comments-opened=\"0\" data-image-meta=\"{&quot;aperture&quot;:&quot;1.8&quot;,&quot;credit&quot;:&quot;&quot;,&quot;camera&quot;:&quot;Galaxy S25&quot;,&quot;caption&quot;:&quot;&quot;,&quot;created_timestamp&quot;:&quot;1760274884&quot;,&quot;copyright&quot;:&quot;&quot;,&quot;focal_length&quot;:&quot;5.4&quot;,&quot;iso&quot;:&quot;80&quot;,&quot;shutter_speed&quot;:&quot;0.019982648&quot;,&quot;title&quot;:&quot;&quot;,&quot;orientation&quot;:&quot;1&quot;}\" data-image-title=\"20251012_131444\" data-image-description=\"\" data-image-caption=\"\" data-medium-file=\"http:\/\/ivoreya-judo.si.afna.si\/wp-content\/uploads\/20251012_131444-225x300.jpg\" data-large-file=\"http:\/\/ivoreya-judo.si.afna.si\/wp-content\/uploads\/20251012_131444-768x1024.jpg\" data-id=\"18987\" src=\"http:\/\/ivoreya-judo.si.afna.si\/wp-content\/uploads\/20251012_131444-768x1024.jpg\" alt=\"\" class=\"wp-image-18987\" srcset=\"http:\/\/ivoreya-judo.si.afna.si\/wp-content\/uploads\/20251012_131444-768x1024.jpg 768w, http:\/\/ivoreya-judo.si.afna.si\/wp-content\/uploads\/20251012_131444-225x300.jpg 225w, http:\/\/ivoreya-judo.si.afna.si\/wp-content\/uploads\/20251012_131444-1152x1536.jpg 1152w, http:\/\/ivoreya-judo.si.afna.si\/wp-content\/uploads\/20251012_131444-1536x2048.jpg 1536w, http:\/\/ivoreya-judo.si.afna.si\/wp-content\/uploads\/20251012_131444-624x832.jpg 624w, http:\/\/ivoreya-judo.si.afna.si\/wp-content\/uploads\/20251012_131444-scaled.jpg 1920w\" sizes=\"auto, (max-width: 768px) 100vw, 768px\" \/><\/figure>\n\n\n\n<figure class=\"wp-block-image size-large\"><img loading=\"lazy\" decoding=\"async\" width=\"768\" height=\"1024\" data-attachment-id=\"18988\" data-permalink=\"http:\/\/ivoreya-judo.si.afna.si\/?attachment_id=18988\" data-orig-file=\"http:\/\/ivoreya-judo.si.afna.si\/wp-content\/uploads\/20251012_140004-scaled.jpg\" data-orig-size=\"1920,2560\" data-comments-opened=\"0\" data-image-meta=\"{&quot;aperture&quot;:&quot;1.8&quot;,&quot;credit&quot;:&quot;&quot;,&quot;camera&quot;:&quot;Galaxy S25&quot;,&quot;caption&quot;:&quot;&quot;,&quot;created_timestamp&quot;:&quot;1760277604&quot;,&quot;copyright&quot;:&quot;&quot;,&quot;focal_length&quot;:&quot;5.4&quot;,&quot;iso&quot;:&quot;80&quot;,&quot;shutter_speed&quot;:&quot;0.009991324&quot;,&quot;title&quot;:&quot;&quot;,&quot;orientation&quot;:&quot;1&quot;}\" data-image-title=\"20251012_140004\" data-image-description=\"\" data-image-caption=\"\" data-medium-file=\"http:\/\/ivoreya-judo.si.afna.si\/wp-content\/uploads\/20251012_140004-225x300.jpg\" data-large-file=\"http:\/\/ivoreya-judo.si.afna.si\/wp-content\/uploads\/20251012_140004-768x1024.jpg\" data-id=\"18988\" src=\"http:\/\/ivoreya-judo.si.afna.si\/wp-content\/uploads\/20251012_140004-768x1024.jpg\" alt=\"\" class=\"wp-image-18988\" srcset=\"http:\/\/ivoreya-judo.si.afna.si\/wp-content\/uploads\/20251012_140004-768x1024.jpg 768w, http:\/\/ivoreya-judo.si.afna.si\/wp-content\/uploads\/20251012_140004-225x300.jpg 225w, http:\/\/ivoreya-judo.si.afna.si\/wp-content\/uploads\/20251012_140004-1152x1536.jpg 1152w, http:\/\/ivoreya-judo.si.afna.si\/wp-content\/uploads\/20251012_140004-1536x2048.jpg 1536w, http:\/\/ivoreya-judo.si.afna.si\/wp-content\/uploads\/20251012_140004-624x832.jpg 624w, http:\/\/ivoreya-judo.si.afna.si\/wp-content\/uploads\/20251012_140004-scaled.jpg 1920w\" sizes=\"auto, (max-width: 768px) 100vw, 768px\" \/><\/figure>\n\n\n\n<figure class=\"wp-block-image size-large\"><img loading=\"lazy\" decoding=\"async\" width=\"768\" height=\"1024\" data-attachment-id=\"18989\" data-permalink=\"http:\/\/ivoreya-judo.si.afna.si\/?attachment_id=18989\" data-orig-file=\"http:\/\/ivoreya-judo.si.afna.si\/wp-content\/uploads\/20251012_140018-scaled.jpg\" data-orig-size=\"1920,2560\" data-comments-opened=\"0\" data-image-meta=\"{&quot;aperture&quot;:&quot;1.8&quot;,&quot;credit&quot;:&quot;&quot;,&quot;camera&quot;:&quot;Galaxy S25&quot;,&quot;caption&quot;:&quot;&quot;,&quot;created_timestamp&quot;:&quot;1760277618&quot;,&quot;copyright&quot;:&quot;&quot;,&quot;focal_length&quot;:&quot;5.4&quot;,&quot;iso&quot;:&quot;80&quot;,&quot;shutter_speed&quot;:&quot;0.019982648&quot;,&quot;title&quot;:&quot;&quot;,&quot;orientation&quot;:&quot;1&quot;}\" data-image-title=\"20251012_140018\" data-image-description=\"\" data-image-caption=\"\" data-medium-file=\"http:\/\/ivoreya-judo.si.afna.si\/wp-content\/uploads\/20251012_140018-225x300.jpg\" data-large-file=\"http:\/\/ivoreya-judo.si.afna.si\/wp-content\/uploads\/20251012_140018-768x1024.jpg\" data-id=\"18989\" src=\"http:\/\/ivoreya-judo.si.afna.si\/wp-content\/uploads\/20251012_140018-768x1024.jpg\" alt=\"\" class=\"wp-image-18989\" srcset=\"http:\/\/ivoreya-judo.si.afna.si\/wp-content\/uploads\/20251012_140018-768x1024.jpg 768w, http:\/\/ivoreya-judo.si.afna.si\/wp-content\/uploads\/20251012_140018-225x300.jpg 225w, http:\/\/ivoreya-judo.si.afna.si\/wp-content\/uploads\/20251012_140018-1152x1536.jpg 1152w, http:\/\/ivoreya-judo.si.afna.si\/wp-content\/uploads\/20251012_140018-1536x2048.jpg 1536w, http:\/\/ivoreya-judo.si.afna.si\/wp-content\/uploads\/20251012_140018-624x832.jpg 624w, http:\/\/ivoreya-judo.si.afna.si\/wp-content\/uploads\/20251012_140018-scaled.jpg 1920w\" sizes=\"auto, (max-width: 768px) 100vw, 768px\" \/><\/figure>\n\n\n\n<figure class=\"wp-block-image size-large\"><img loading=\"lazy\" decoding=\"async\" width=\"768\" height=\"1024\" data-attachment-id=\"18990\" data-permalink=\"http:\/\/ivoreya-judo.si.afna.si\/?attachment_id=18990\" data-orig-file=\"http:\/\/ivoreya-judo.si.afna.si\/wp-content\/uploads\/20251012_142938-scaled.jpg\" data-orig-size=\"1920,2560\" data-comments-opened=\"0\" data-image-meta=\"{&quot;aperture&quot;:&quot;1.8&quot;,&quot;credit&quot;:&quot;&quot;,&quot;camera&quot;:&quot;Galaxy S25&quot;,&quot;caption&quot;:&quot;&quot;,&quot;created_timestamp&quot;:&quot;1760279378&quot;,&quot;copyright&quot;:&quot;&quot;,&quot;focal_length&quot;:&quot;5.4&quot;,&quot;iso&quot;:&quot;80&quot;,&quot;shutter_speed&quot;:&quot;0.019982648&quot;,&quot;title&quot;:&quot;&quot;,&quot;orientation&quot;:&quot;1&quot;}\" data-image-title=\"20251012_142938\" data-image-description=\"\" data-image-caption=\"\" data-medium-file=\"http:\/\/ivoreya-judo.si.afna.si\/wp-content\/uploads\/20251012_142938-225x300.jpg\" data-large-file=\"http:\/\/ivoreya-judo.si.afna.si\/wp-content\/uploads\/20251012_142938-768x1024.jpg\" data-id=\"18990\" src=\"http:\/\/ivoreya-judo.si.afna.si\/wp-content\/uploads\/20251012_142938-768x1024.jpg\" alt=\"\" class=\"wp-image-18990\" srcset=\"http:\/\/ivoreya-judo.si.afna.si\/wp-content\/uploads\/20251012_142938-768x1024.jpg 768w, http:\/\/ivoreya-judo.si.afna.si\/wp-content\/uploads\/20251012_142938-225x300.jpg 225w, http:\/\/ivoreya-judo.si.afna.si\/wp-content\/uploads\/20251012_142938-1152x1536.jpg 1152w, http:\/\/ivoreya-judo.si.afna.si\/wp-content\/uploads\/20251012_142938-1536x2048.jpg 1536w, http:\/\/ivoreya-judo.si.afna.si\/wp-content\/uploads\/20251012_142938-624x832.jpg 624w, http:\/\/ivoreya-judo.si.afna.si\/wp-content\/uploads\/20251012_142938-scaled.jpg 1920w\" sizes=\"auto, (max-width: 768px) 100vw, 768px\" \/><\/figure>\n\n\n\n<figure class=\"wp-block-image size-large\"><img loading=\"lazy\" decoding=\"async\" width=\"768\" height=\"1024\" data-attachment-id=\"18991\" data-permalink=\"http:\/\/ivoreya-judo.si.afna.si\/?attachment_id=18991\" data-orig-file=\"http:\/\/ivoreya-judo.si.afna.si\/wp-content\/uploads\/20251012_143001-scaled.jpg\" data-orig-size=\"1920,2560\" data-comments-opened=\"0\" data-image-meta=\"{&quot;aperture&quot;:&quot;1.8&quot;,&quot;credit&quot;:&quot;&quot;,&quot;camera&quot;:&quot;Galaxy S25&quot;,&quot;caption&quot;:&quot;&quot;,&quot;created_timestamp&quot;:&quot;1760279402&quot;,&quot;copyright&quot;:&quot;&quot;,&quot;focal_length&quot;:&quot;5.4&quot;,&quot;iso&quot;:&quot;80&quot;,&quot;shutter_speed&quot;:&quot;0.019982648&quot;,&quot;title&quot;:&quot;&quot;,&quot;orientation&quot;:&quot;1&quot;}\" data-image-title=\"20251012_143001\" data-image-description=\"\" data-image-caption=\"\" data-medium-file=\"http:\/\/ivoreya-judo.si.afna.si\/wp-content\/uploads\/20251012_143001-225x300.jpg\" data-large-file=\"http:\/\/ivoreya-judo.si.afna.si\/wp-content\/uploads\/20251012_143001-768x1024.jpg\" data-id=\"18991\" src=\"http:\/\/ivoreya-judo.si.afna.si\/wp-content\/uploads\/20251012_143001-768x1024.jpg\" alt=\"\" class=\"wp-image-18991\" srcset=\"http:\/\/ivoreya-judo.si.afna.si\/wp-content\/uploads\/20251012_143001-768x1024.jpg 768w, http:\/\/ivoreya-judo.si.afna.si\/wp-content\/uploads\/20251012_143001-225x300.jpg 225w, http:\/\/ivoreya-judo.si.afna.si\/wp-content\/uploads\/20251012_143001-1152x1536.jpg 1152w, http:\/\/ivoreya-judo.si.afna.si\/wp-content\/uploads\/20251012_143001-1536x2048.jpg 1536w, http:\/\/ivoreya-judo.si.afna.si\/wp-content\/uploads\/20251012_143001-624x832.jpg 624w, http:\/\/ivoreya-judo.si.afna.si\/wp-content\/uploads\/20251012_143001-scaled.jpg 1920w\" sizes=\"auto, (max-width: 768px) 100vw, 768px\" \/><\/figure>\n<\/figure>\n","protected":false},"excerpt":{"rendered":"<p>POKAL KOMENDE, 11. in 12. 10. &#8217;25, Komenda, SLO V sboto 11. in nedeljo 12. oktobra je potekal mednarodni Pokal Komenda. V sobot so tekmovali v starostni kategoriji U12, U14 in U16 v nedeljo pa so pri\u0161li na vrsto najmlaj\u0161i tekmovalci U8 in U10. V sobotnem delu smo peljali tiste tekmovalce, ki \u0161e nimajo veliko [&hellip;]<\/p>\n","protected":false},"author":2,"featured_media":0,"comment_status":"closed","ping_status":"open","sticky":false,"template":"","format":"standard","meta":{"ngg_post_thumbnail":0,"_jetpack_newsletter_access":"","_jetpack_dont_email_post_to_subs":true,"_jetpack_newsletter_tier_id":0,"_jetpack_memberships_contains_paywalled_content":false,"_jetpack_memberships_contains_paid_content":false,"footnotes":""},"categories":[1],"tags":[],"class_list":["post-18971","post","type-post","status-publish","format-standard","hentry","category-uncategorized"],"jetpack_featured_media_url":"","jetpack_shortlink":"https:\/\/wp.me\/p345DH-4VZ","jetpack_sharing_enabled":true,"_links":{"self":[{"href":"http:\/\/ivoreya-judo.si.afna.si\/index.php?rest_route=\/wp\/v2\/posts\/18971","targetHints":{"allow":["GET"]}}],"collection":[{"href":"http:\/\/ivoreya-judo.si.afna.si\/index.php?rest_route=\/wp\/v2\/posts"}],"about":[{"href":"http:\/\/ivoreya-judo.si.afna.si\/index.php?rest_route=\/wp\/v2\/types\/post"}],"author":[{"embeddable":true,"href":"http:\/\/ivoreya-judo.si.afna.si\/index.php?rest_route=\/wp\/v2\/users\/2"}],"replies":[{"embeddable":true,"href":"http:\/\/ivoreya-judo.si.afna.si\/index.php?rest_route=%2Fwp%2Fv2%2Fcomments&post=18971"}],"version-history":[{"count":1,"href":"http:\/\/ivoreya-judo.si.afna.si\/index.php?rest_route=\/wp\/v2\/posts\/18971\/revisions"}],"predecessor-version":[{"id":18992,"href":"http:\/\/ivoreya-judo.si.afna.si\/index.php?rest_route=\/wp\/v2\/posts\/18971\/revisions\/18992"}],"wp:attachment":[{"href":"http:\/\/ivoreya-judo.si.afna.si\/index.php?rest_route=%2Fwp%2Fv2%2Fmedia&parent=18971"}],"wp:term":[{"taxonomy":"category","embeddable":true,"href":"http:\/\/ivoreya-judo.si.afna.si\/index.php?rest_route=%2Fwp%2Fv2%2Fcategories&post=18971"},{"taxonomy":"post_tag","embeddable":true,"href":"http:\/\/ivoreya-judo.si.afna.si\/index.php?rest_route=%2Fwp%2Fv2%2Ftags&post=18971"}],"curies":[{"name":"wp","href":"https:\/\/api.w.org\/{rel}","templated":true}]}}