{"id":18994,"date":"2025-10-26T13:04:42","date_gmt":"2025-10-26T12:04:42","guid":{"rendered":"http:\/\/ivoreya-judo.si.afna.si\/?p=18994"},"modified":"2025-10-26T13:04:42","modified_gmt":"2025-10-26T12:04:42","slug":"16-trofeja-nisica-2015","status":"publish","type":"post","link":"http:\/\/ivoreya-judo.si.afna.si\/?p=18994","title":{"rendered":"16. TROFEJA NI\u0160I\u0106A 2015"},"content":{"rendered":"\n<p>TROFEJ NIK\u0160I\u0106A, 19.10.2025, Nik\u0161i\u0107, MNE<\/p>\n\n\n\n<p>V nedeljo je na\u0161 prijatelski klub iz Nik\u0161i\u0107a Judo klub Onogo\u0161t organiziral svoj 16. mednarodni judo turnir.<br>Z vsakim letom je turnir vse bolj\u0161 tako pri kvaliteti borb kot tudi pri organizaciji.<br>Letos smo v Nik\u0161i\u0107 peljali osem tekmovalce. Nekateri so se prvi\u010d spoprijeli z tak\u0161nim mednarodnim turnirjem.<br>Prav tako se zahvaljujemo MO Celje, da nam pogajo pri izvedbi na\u0161ih programov.<br>Hvala doma\u010demu klubu Jk Onogo\u0161t za prijetno gostovanje.<\/p>\n\n\n\n<p>REZULTATI:<\/p>\n\n\n\n<p>Nikola JANJI\u0106 -38 kg 5. mesto<br>Aleks DIZDAREVI\u0106 -34 kg 7. mesto<br>Benjamin DEDI\u0106 -55 kg 7. mesto<br>Benjamin KUDER -38 kg 7. mesto<br>Jan POTO\u010cNIK -66 kg 5. mesto<\/p>\n\n\n\n<p>Tajra DEMIROVI\u0106 -36 kg 3. mesto<br>Vanesa VRBNJAK -40 kg 2. mesto<br>Izabela TOVORNIK +57 kg 1. mesto<\/p>\n\n\n\n<p>\u010cestitke<\/p>\n\n\n\n<figure class=\"wp-block-gallery has-nested-images columns-default is-cropped wp-block-gallery-1 is-layout-flex wp-block-gallery-is-layout-flex\">\n<figure class=\"wp-block-image size-large\"><img loading=\"lazy\" decoding=\"async\" width=\"1024\" height=\"680\" data-attachment-id=\"18996\" data-permalink=\"http:\/\/ivoreya-judo.si.afna.si\/?attachment_id=18996\" data-orig-file=\"http:\/\/ivoreya-judo.si.afna.si\/wp-content\/uploads\/DSC_0053-2.jpg\" data-orig-size=\"1600,1063\" data-comments-opened=\"0\" data-image-meta=\"{&quot;aperture&quot;:&quot;3.5&quot;,&quot;credit&quot;:&quot;Picasa&quot;,&quot;camera&quot;:&quot;NIKON D90&quot;,&quot;caption&quot;:&quot;&quot;,&quot;created_timestamp&quot;:&quot;1760867981&quot;,&quot;copyright&quot;:&quot;&quot;,&quot;focal_length&quot;:&quot;18&quot;,&quot;iso&quot;:&quot;800&quot;,&quot;shutter_speed&quot;:&quot;0.016666666666667&quot;,&quot;title&quot;:&quot;&quot;,&quot;orientation&quot;:&quot;0&quot;}\" data-image-title=\"DSC_0053\" data-image-description=\"\" data-image-caption=\"\" data-medium-file=\"http:\/\/ivoreya-judo.si.afna.si\/wp-content\/uploads\/DSC_0053-2-300x199.jpg\" data-large-file=\"http:\/\/ivoreya-judo.si.afna.si\/wp-content\/uploads\/DSC_0053-2-1024x680.jpg\" data-id=\"18996\" src=\"http:\/\/ivoreya-judo.si.afna.si\/wp-content\/uploads\/DSC_0053-2-1024x680.jpg\" alt=\"\" class=\"wp-image-18996\" srcset=\"http:\/\/ivoreya-judo.si.afna.si\/wp-content\/uploads\/DSC_0053-2-1024x680.jpg 1024w, http:\/\/ivoreya-judo.si.afna.si\/wp-content\/uploads\/DSC_0053-2-300x199.jpg 300w, http:\/\/ivoreya-judo.si.afna.si\/wp-content\/uploads\/DSC_0053-2-768x510.jpg 768w, http:\/\/ivoreya-judo.si.afna.si\/wp-content\/uploads\/DSC_0053-2-1536x1020.jpg 1536w, http:\/\/ivoreya-judo.si.afna.si\/wp-content\/uploads\/DSC_0053-2-624x415.jpg 624w, http:\/\/ivoreya-judo.si.afna.si\/wp-content\/uploads\/DSC_0053-2.jpg 1600w\" sizes=\"auto, (max-width: 1024px) 100vw, 1024px\" \/><\/figure>\n\n\n\n<figure class=\"wp-block-image size-large\"><img loading=\"lazy\" decoding=\"async\" width=\"1024\" height=\"680\" data-attachment-id=\"18997\" data-permalink=\"http:\/\/ivoreya-judo.si.afna.si\/?attachment_id=18997\" data-orig-file=\"http:\/\/ivoreya-judo.si.afna.si\/wp-content\/uploads\/DSC_0054.jpg\" data-orig-size=\"1600,1063\" data-comments-opened=\"0\" data-image-meta=\"{&quot;aperture&quot;:&quot;3.5&quot;,&quot;credit&quot;:&quot;Picasa&quot;,&quot;camera&quot;:&quot;NIKON D90&quot;,&quot;caption&quot;:&quot;&quot;,&quot;created_timestamp&quot;:&quot;1760867997&quot;,&quot;copyright&quot;:&quot;&quot;,&quot;focal_length&quot;:&quot;18&quot;,&quot;iso&quot;:&quot;800&quot;,&quot;shutter_speed&quot;:&quot;0.016666666666667&quot;,&quot;title&quot;:&quot;&quot;,&quot;orientation&quot;:&quot;0&quot;}\" data-image-title=\"DSC_0054\" data-image-description=\"\" data-image-caption=\"\" data-medium-file=\"http:\/\/ivoreya-judo.si.afna.si\/wp-content\/uploads\/DSC_0054-300x199.jpg\" data-large-file=\"http:\/\/ivoreya-judo.si.afna.si\/wp-content\/uploads\/DSC_0054-1024x680.jpg\" data-id=\"18997\" src=\"http:\/\/ivoreya-judo.si.afna.si\/wp-content\/uploads\/DSC_0054-1024x680.jpg\" alt=\"\" class=\"wp-image-18997\" srcset=\"http:\/\/ivoreya-judo.si.afna.si\/wp-content\/uploads\/DSC_0054-1024x680.jpg 1024w, http:\/\/ivoreya-judo.si.afna.si\/wp-content\/uploads\/DSC_0054-300x199.jpg 300w, http:\/\/ivoreya-judo.si.afna.si\/wp-content\/uploads\/DSC_0054-768x510.jpg 768w, http:\/\/ivoreya-judo.si.afna.si\/wp-content\/uploads\/DSC_0054-1536x1020.jpg 1536w, http:\/\/ivoreya-judo.si.afna.si\/wp-content\/uploads\/DSC_0054-624x415.jpg 624w, http:\/\/ivoreya-judo.si.afna.si\/wp-content\/uploads\/DSC_0054.jpg 1600w\" sizes=\"auto, (max-width: 1024px) 100vw, 1024px\" \/><\/figure>\n\n\n\n<figure class=\"wp-block-image size-large\"><img loading=\"lazy\" decoding=\"async\" width=\"1024\" height=\"680\" data-attachment-id=\"18995\" data-permalink=\"http:\/\/ivoreya-judo.si.afna.si\/?attachment_id=18995\" data-orig-file=\"http:\/\/ivoreya-judo.si.afna.si\/wp-content\/uploads\/DSC_0055-3.jpg\" data-orig-size=\"1600,1063\" data-comments-opened=\"0\" data-image-meta=\"{&quot;aperture&quot;:&quot;3.5&quot;,&quot;credit&quot;:&quot;Picasa&quot;,&quot;camera&quot;:&quot;NIKON D90&quot;,&quot;caption&quot;:&quot;&quot;,&quot;created_timestamp&quot;:&quot;1760868357&quot;,&quot;copyright&quot;:&quot;&quot;,&quot;focal_length&quot;:&quot;18&quot;,&quot;iso&quot;:&quot;800&quot;,&quot;shutter_speed&quot;:&quot;0.005&quot;,&quot;title&quot;:&quot;&quot;,&quot;orientation&quot;:&quot;0&quot;}\" data-image-title=\"DSC_0055\" data-image-description=\"\" data-image-caption=\"\" data-medium-file=\"http:\/\/ivoreya-judo.si.afna.si\/wp-content\/uploads\/DSC_0055-3-300x199.jpg\" data-large-file=\"http:\/\/ivoreya-judo.si.afna.si\/wp-content\/uploads\/DSC_0055-3-1024x680.jpg\" data-id=\"18995\" src=\"http:\/\/ivoreya-judo.si.afna.si\/wp-content\/uploads\/DSC_0055-3-1024x680.jpg\" alt=\"\" class=\"wp-image-18995\" srcset=\"http:\/\/ivoreya-judo.si.afna.si\/wp-content\/uploads\/DSC_0055-3-1024x680.jpg 1024w, http:\/\/ivoreya-judo.si.afna.si\/wp-content\/uploads\/DSC_0055-3-300x199.jpg 300w, http:\/\/ivoreya-judo.si.afna.si\/wp-content\/uploads\/DSC_0055-3-768x510.jpg 768w, http:\/\/ivoreya-judo.si.afna.si\/wp-content\/uploads\/DSC_0055-3-1536x1020.jpg 1536w, http:\/\/ivoreya-judo.si.afna.si\/wp-content\/uploads\/DSC_0055-3-624x415.jpg 624w, http:\/\/ivoreya-judo.si.afna.si\/wp-content\/uploads\/DSC_0055-3.jpg 1600w\" sizes=\"auto, (max-width: 1024px) 100vw, 1024px\" \/><\/figure>\n\n\n\n<figure class=\"wp-block-image size-large\"><img loading=\"lazy\" decoding=\"async\" width=\"1024\" height=\"680\" data-attachment-id=\"18998\" data-permalink=\"http:\/\/ivoreya-judo.si.afna.si\/?attachment_id=18998\" data-orig-file=\"http:\/\/ivoreya-judo.si.afna.si\/wp-content\/uploads\/DSC_0057-2.jpg\" data-orig-size=\"1600,1063\" data-comments-opened=\"0\" data-image-meta=\"{&quot;aperture&quot;:&quot;4.8&quot;,&quot;credit&quot;:&quot;Picasa&quot;,&quot;camera&quot;:&quot;NIKON D90&quot;,&quot;caption&quot;:&quot;&quot;,&quot;created_timestamp&quot;:&quot;1760881198&quot;,&quot;copyright&quot;:&quot;&quot;,&quot;focal_length&quot;:&quot;42&quot;,&quot;iso&quot;:&quot;800&quot;,&quot;shutter_speed&quot;:&quot;0.016666666666667&quot;,&quot;title&quot;:&quot;&quot;,&quot;orientation&quot;:&quot;0&quot;}\" data-image-title=\"DSC_0057\" data-image-description=\"\" data-image-caption=\"\" data-medium-file=\"http:\/\/ivoreya-judo.si.afna.si\/wp-content\/uploads\/DSC_0057-2-300x199.jpg\" data-large-file=\"http:\/\/ivoreya-judo.si.afna.si\/wp-content\/uploads\/DSC_0057-2-1024x680.jpg\" data-id=\"18998\" src=\"http:\/\/ivoreya-judo.si.afna.si\/wp-content\/uploads\/DSC_0057-2-1024x680.jpg\" alt=\"\" class=\"wp-image-18998\" srcset=\"http:\/\/ivoreya-judo.si.afna.si\/wp-content\/uploads\/DSC_0057-2-1024x680.jpg 1024w, http:\/\/ivoreya-judo.si.afna.si\/wp-content\/uploads\/DSC_0057-2-300x199.jpg 300w, http:\/\/ivoreya-judo.si.afna.si\/wp-content\/uploads\/DSC_0057-2-768x510.jpg 768w, http:\/\/ivoreya-judo.si.afna.si\/wp-content\/uploads\/DSC_0057-2-1536x1020.jpg 1536w, http:\/\/ivoreya-judo.si.afna.si\/wp-content\/uploads\/DSC_0057-2-624x415.jpg 624w, http:\/\/ivoreya-judo.si.afna.si\/wp-content\/uploads\/DSC_0057-2.jpg 1600w\" sizes=\"auto, (max-width: 1024px) 100vw, 1024px\" \/><\/figure>\n\n\n\n<figure class=\"wp-block-image size-large\"><img loading=\"lazy\" decoding=\"async\" width=\"1024\" height=\"680\" data-attachment-id=\"18999\" data-permalink=\"http:\/\/ivoreya-judo.si.afna.si\/?attachment_id=18999\" data-orig-file=\"http:\/\/ivoreya-judo.si.afna.si\/wp-content\/uploads\/DSC_0058-2.jpg\" data-orig-size=\"1600,1063\" data-comments-opened=\"0\" data-image-meta=\"{&quot;aperture&quot;:&quot;4.8&quot;,&quot;credit&quot;:&quot;Picasa&quot;,&quot;camera&quot;:&quot;NIKON D90&quot;,&quot;caption&quot;:&quot;&quot;,&quot;created_timestamp&quot;:&quot;1760881199&quot;,&quot;copyright&quot;:&quot;&quot;,&quot;focal_length&quot;:&quot;48&quot;,&quot;iso&quot;:&quot;800&quot;,&quot;shutter_speed&quot;:&quot;0.016666666666667&quot;,&quot;title&quot;:&quot;&quot;,&quot;orientation&quot;:&quot;0&quot;}\" data-image-title=\"DSC_0058\" data-image-description=\"\" data-image-caption=\"\" data-medium-file=\"http:\/\/ivoreya-judo.si.afna.si\/wp-content\/uploads\/DSC_0058-2-300x199.jpg\" data-large-file=\"http:\/\/ivoreya-judo.si.afna.si\/wp-content\/uploads\/DSC_0058-2-1024x680.jpg\" data-id=\"18999\" src=\"http:\/\/ivoreya-judo.si.afna.si\/wp-content\/uploads\/DSC_0058-2-1024x680.jpg\" alt=\"\" class=\"wp-image-18999\" srcset=\"http:\/\/ivoreya-judo.si.afna.si\/wp-content\/uploads\/DSC_0058-2-1024x680.jpg 1024w, http:\/\/ivoreya-judo.si.afna.si\/wp-content\/uploads\/DSC_0058-2-300x199.jpg 300w, http:\/\/ivoreya-judo.si.afna.si\/wp-content\/uploads\/DSC_0058-2-768x510.jpg 768w, http:\/\/ivoreya-judo.si.afna.si\/wp-content\/uploads\/DSC_0058-2-1536x1020.jpg 1536w, http:\/\/ivoreya-judo.si.afna.si\/wp-content\/uploads\/DSC_0058-2-624x415.jpg 624w, http:\/\/ivoreya-judo.si.afna.si\/wp-content\/uploads\/DSC_0058-2.jpg 1600w\" sizes=\"auto, (max-width: 1024px) 100vw, 1024px\" \/><\/figure>\n\n\n\n<figure class=\"wp-block-image size-large\"><img loading=\"lazy\" decoding=\"async\" width=\"1024\" height=\"680\" data-attachment-id=\"19000\" data-permalink=\"http:\/\/ivoreya-judo.si.afna.si\/?attachment_id=19000\" data-orig-file=\"http:\/\/ivoreya-judo.si.afna.si\/wp-content\/uploads\/DSC_0059-1.jpg\" data-orig-size=\"1600,1063\" data-comments-opened=\"0\" data-image-meta=\"{&quot;aperture&quot;:&quot;3.5&quot;,&quot;credit&quot;:&quot;Picasa&quot;,&quot;camera&quot;:&quot;NIKON D90&quot;,&quot;caption&quot;:&quot;&quot;,&quot;created_timestamp&quot;:&quot;1760881205&quot;,&quot;copyright&quot;:&quot;&quot;,&quot;focal_length&quot;:&quot;18&quot;,&quot;iso&quot;:&quot;800&quot;,&quot;shutter_speed&quot;:&quot;0.016666666666667&quot;,&quot;title&quot;:&quot;&quot;,&quot;orientation&quot;:&quot;0&quot;}\" data-image-title=\"DSC_0059\" data-image-description=\"\" data-image-caption=\"\" data-medium-file=\"http:\/\/ivoreya-judo.si.afna.si\/wp-content\/uploads\/DSC_0059-1-300x199.jpg\" data-large-file=\"http:\/\/ivoreya-judo.si.afna.si\/wp-content\/uploads\/DSC_0059-1-1024x680.jpg\" data-id=\"19000\" src=\"http:\/\/ivoreya-judo.si.afna.si\/wp-content\/uploads\/DSC_0059-1-1024x680.jpg\" alt=\"\" class=\"wp-image-19000\" srcset=\"http:\/\/ivoreya-judo.si.afna.si\/wp-content\/uploads\/DSC_0059-1-1024x680.jpg 1024w, http:\/\/ivoreya-judo.si.afna.si\/wp-content\/uploads\/DSC_0059-1-300x199.jpg 300w, http:\/\/ivoreya-judo.si.afna.si\/wp-content\/uploads\/DSC_0059-1-768x510.jpg 768w, http:\/\/ivoreya-judo.si.afna.si\/wp-content\/uploads\/DSC_0059-1-1536x1020.jpg 1536w, http:\/\/ivoreya-judo.si.afna.si\/wp-content\/uploads\/DSC_0059-1-624x415.jpg 624w, http:\/\/ivoreya-judo.si.afna.si\/wp-content\/uploads\/DSC_0059-1.jpg 1600w\" sizes=\"auto, (max-width: 1024px) 100vw, 1024px\" \/><\/figure>\n\n\n\n<figure class=\"wp-block-image size-large\"><img loading=\"lazy\" decoding=\"async\" width=\"1024\" height=\"680\" data-attachment-id=\"19001\" data-permalink=\"http:\/\/ivoreya-judo.si.afna.si\/?attachment_id=19001\" data-orig-file=\"http:\/\/ivoreya-judo.si.afna.si\/wp-content\/uploads\/DSC_0062.jpg\" data-orig-size=\"1600,1063\" data-comments-opened=\"0\" data-image-meta=\"{&quot;aperture&quot;:&quot;4.2&quot;,&quot;credit&quot;:&quot;Picasa&quot;,&quot;camera&quot;:&quot;NIKON D90&quot;,&quot;caption&quot;:&quot;&quot;,&quot;created_timestamp&quot;:&quot;1760881220&quot;,&quot;copyright&quot;:&quot;&quot;,&quot;focal_length&quot;:&quot;32&quot;,&quot;iso&quot;:&quot;800&quot;,&quot;shutter_speed&quot;:&quot;0.016666666666667&quot;,&quot;title&quot;:&quot;&quot;,&quot;orientation&quot;:&quot;0&quot;}\" data-image-title=\"DSC_0062\" data-image-description=\"\" data-image-caption=\"\" data-medium-file=\"http:\/\/ivoreya-judo.si.afna.si\/wp-content\/uploads\/DSC_0062-300x199.jpg\" data-large-file=\"http:\/\/ivoreya-judo.si.afna.si\/wp-content\/uploads\/DSC_0062-1024x680.jpg\" data-id=\"19001\" src=\"http:\/\/ivoreya-judo.si.afna.si\/wp-content\/uploads\/DSC_0062-1024x680.jpg\" alt=\"\" class=\"wp-image-19001\" srcset=\"http:\/\/ivoreya-judo.si.afna.si\/wp-content\/uploads\/DSC_0062-1024x680.jpg 1024w, http:\/\/ivoreya-judo.si.afna.si\/wp-content\/uploads\/DSC_0062-300x199.jpg 300w, http:\/\/ivoreya-judo.si.afna.si\/wp-content\/uploads\/DSC_0062-768x510.jpg 768w, http:\/\/ivoreya-judo.si.afna.si\/wp-content\/uploads\/DSC_0062-1536x1020.jpg 1536w, http:\/\/ivoreya-judo.si.afna.si\/wp-content\/uploads\/DSC_0062-624x415.jpg 624w, http:\/\/ivoreya-judo.si.afna.si\/wp-content\/uploads\/DSC_0062.jpg 1600w\" sizes=\"auto, (max-width: 1024px) 100vw, 1024px\" \/><\/figure>\n\n\n\n<figure class=\"wp-block-image size-large\"><img loading=\"lazy\" decoding=\"async\" width=\"1024\" height=\"680\" data-attachment-id=\"19002\" data-permalink=\"http:\/\/ivoreya-judo.si.afna.si\/?attachment_id=19002\" data-orig-file=\"http:\/\/ivoreya-judo.si.afna.si\/wp-content\/uploads\/DSC_0064-1.jpg\" data-orig-size=\"1600,1063\" data-comments-opened=\"0\" data-image-meta=\"{&quot;aperture&quot;:&quot;5.3&quot;,&quot;credit&quot;:&quot;Picasa&quot;,&quot;camera&quot;:&quot;NIKON D90&quot;,&quot;caption&quot;:&quot;&quot;,&quot;created_timestamp&quot;:&quot;1760881311&quot;,&quot;copyright&quot;:&quot;&quot;,&quot;focal_length&quot;:&quot;66&quot;,&quot;iso&quot;:&quot;800&quot;,&quot;shutter_speed&quot;:&quot;0.016666666666667&quot;,&quot;title&quot;:&quot;&quot;,&quot;orientation&quot;:&quot;0&quot;}\" data-image-title=\"DSC_0064\" data-image-description=\"\" data-image-caption=\"\" data-medium-file=\"http:\/\/ivoreya-judo.si.afna.si\/wp-content\/uploads\/DSC_0064-1-300x199.jpg\" data-large-file=\"http:\/\/ivoreya-judo.si.afna.si\/wp-content\/uploads\/DSC_0064-1-1024x680.jpg\" data-id=\"19002\" src=\"http:\/\/ivoreya-judo.si.afna.si\/wp-content\/uploads\/DSC_0064-1-1024x680.jpg\" alt=\"\" class=\"wp-image-19002\" srcset=\"http:\/\/ivoreya-judo.si.afna.si\/wp-content\/uploads\/DSC_0064-1-1024x680.jpg 1024w, http:\/\/ivoreya-judo.si.afna.si\/wp-content\/uploads\/DSC_0064-1-300x199.jpg 300w, http:\/\/ivoreya-judo.si.afna.si\/wp-content\/uploads\/DSC_0064-1-768x510.jpg 768w, http:\/\/ivoreya-judo.si.afna.si\/wp-content\/uploads\/DSC_0064-1-1536x1020.jpg 1536w, http:\/\/ivoreya-judo.si.afna.si\/wp-content\/uploads\/DSC_0064-1-624x415.jpg 624w, http:\/\/ivoreya-judo.si.afna.si\/wp-content\/uploads\/DSC_0064-1.jpg 1600w\" sizes=\"auto, (max-width: 1024px) 100vw, 1024px\" \/><\/figure>\n\n\n\n<figure class=\"wp-block-image size-large\"><img loading=\"lazy\" decoding=\"async\" width=\"1024\" height=\"680\" data-attachment-id=\"19003\" data-permalink=\"http:\/\/ivoreya-judo.si.afna.si\/?attachment_id=19003\" data-orig-file=\"http:\/\/ivoreya-judo.si.afna.si\/wp-content\/uploads\/DSC_0066-2.jpg\" data-orig-size=\"1600,1063\" data-comments-opened=\"0\" data-image-meta=\"{&quot;aperture&quot;:&quot;4.2&quot;,&quot;credit&quot;:&quot;Picasa&quot;,&quot;camera&quot;:&quot;NIKON D90&quot;,&quot;caption&quot;:&quot;&quot;,&quot;created_timestamp&quot;:&quot;1760881324&quot;,&quot;copyright&quot;:&quot;&quot;,&quot;focal_length&quot;:&quot;30&quot;,&quot;iso&quot;:&quot;800&quot;,&quot;shutter_speed&quot;:&quot;0.016666666666667&quot;,&quot;title&quot;:&quot;&quot;,&quot;orientation&quot;:&quot;0&quot;}\" data-image-title=\"DSC_0066\" data-image-description=\"\" data-image-caption=\"\" data-medium-file=\"http:\/\/ivoreya-judo.si.afna.si\/wp-content\/uploads\/DSC_0066-2-300x199.jpg\" data-large-file=\"http:\/\/ivoreya-judo.si.afna.si\/wp-content\/uploads\/DSC_0066-2-1024x680.jpg\" data-id=\"19003\" src=\"http:\/\/ivoreya-judo.si.afna.si\/wp-content\/uploads\/DSC_0066-2-1024x680.jpg\" alt=\"\" class=\"wp-image-19003\" srcset=\"http:\/\/ivoreya-judo.si.afna.si\/wp-content\/uploads\/DSC_0066-2-1024x680.jpg 1024w, http:\/\/ivoreya-judo.si.afna.si\/wp-content\/uploads\/DSC_0066-2-300x199.jpg 300w, http:\/\/ivoreya-judo.si.afna.si\/wp-content\/uploads\/DSC_0066-2-768x510.jpg 768w, http:\/\/ivoreya-judo.si.afna.si\/wp-content\/uploads\/DSC_0066-2-1536x1020.jpg 1536w, http:\/\/ivoreya-judo.si.afna.si\/wp-content\/uploads\/DSC_0066-2-624x415.jpg 624w, http:\/\/ivoreya-judo.si.afna.si\/wp-content\/uploads\/DSC_0066-2.jpg 1600w\" sizes=\"auto, (max-width: 1024px) 100vw, 1024px\" \/><\/figure>\n\n\n\n<figure class=\"wp-block-image size-large\"><img loading=\"lazy\" decoding=\"async\" width=\"1024\" height=\"680\" data-attachment-id=\"19004\" data-permalink=\"http:\/\/ivoreya-judo.si.afna.si\/?attachment_id=19004\" data-orig-file=\"http:\/\/ivoreya-judo.si.afna.si\/wp-content\/uploads\/DSC_0067.jpg\" data-orig-size=\"1600,1063\" data-comments-opened=\"0\" data-image-meta=\"{&quot;aperture&quot;:&quot;4.2&quot;,&quot;credit&quot;:&quot;Picasa&quot;,&quot;camera&quot;:&quot;NIKON D90&quot;,&quot;caption&quot;:&quot;&quot;,&quot;created_timestamp&quot;:&quot;1760881340&quot;,&quot;copyright&quot;:&quot;&quot;,&quot;focal_length&quot;:&quot;30&quot;,&quot;iso&quot;:&quot;800&quot;,&quot;shutter_speed&quot;:&quot;0.016666666666667&quot;,&quot;title&quot;:&quot;&quot;,&quot;orientation&quot;:&quot;0&quot;}\" data-image-title=\"DSC_0067\" data-image-description=\"\" data-image-caption=\"\" data-medium-file=\"http:\/\/ivoreya-judo.si.afna.si\/wp-content\/uploads\/DSC_0067-300x199.jpg\" data-large-file=\"http:\/\/ivoreya-judo.si.afna.si\/wp-content\/uploads\/DSC_0067-1024x680.jpg\" data-id=\"19004\" src=\"http:\/\/ivoreya-judo.si.afna.si\/wp-content\/uploads\/DSC_0067-1024x680.jpg\" alt=\"\" class=\"wp-image-19004\" srcset=\"http:\/\/ivoreya-judo.si.afna.si\/wp-content\/uploads\/DSC_0067-1024x680.jpg 1024w, http:\/\/ivoreya-judo.si.afna.si\/wp-content\/uploads\/DSC_0067-300x199.jpg 300w, http:\/\/ivoreya-judo.si.afna.si\/wp-content\/uploads\/DSC_0067-768x510.jpg 768w, http:\/\/ivoreya-judo.si.afna.si\/wp-content\/uploads\/DSC_0067-1536x1020.jpg 1536w, http:\/\/ivoreya-judo.si.afna.si\/wp-content\/uploads\/DSC_0067-624x415.jpg 624w, http:\/\/ivoreya-judo.si.afna.si\/wp-content\/uploads\/DSC_0067.jpg 1600w\" sizes=\"auto, (max-width: 1024px) 100vw, 1024px\" \/><\/figure>\n\n\n\n<figure class=\"wp-block-image size-large\"><img loading=\"lazy\" decoding=\"async\" width=\"1024\" height=\"680\" data-attachment-id=\"19006\" data-permalink=\"http:\/\/ivoreya-judo.si.afna.si\/?attachment_id=19006\" data-orig-file=\"http:\/\/ivoreya-judo.si.afna.si\/wp-content\/uploads\/DSC_0068-1.jpg\" data-orig-size=\"1600,1063\" data-comments-opened=\"0\" data-image-meta=\"{&quot;aperture&quot;:&quot;3.5&quot;,&quot;credit&quot;:&quot;Picasa&quot;,&quot;camera&quot;:&quot;NIKON D90&quot;,&quot;caption&quot;:&quot;&quot;,&quot;created_timestamp&quot;:&quot;1760888413&quot;,&quot;copyright&quot;:&quot;&quot;,&quot;focal_length&quot;:&quot;18&quot;,&quot;iso&quot;:&quot;800&quot;,&quot;shutter_speed&quot;:&quot;0.016666666666667&quot;,&quot;title&quot;:&quot;&quot;,&quot;orientation&quot;:&quot;0&quot;}\" data-image-title=\"DSC_0068\" data-image-description=\"\" data-image-caption=\"\" data-medium-file=\"http:\/\/ivoreya-judo.si.afna.si\/wp-content\/uploads\/DSC_0068-1-300x199.jpg\" data-large-file=\"http:\/\/ivoreya-judo.si.afna.si\/wp-content\/uploads\/DSC_0068-1-1024x680.jpg\" data-id=\"19006\" src=\"http:\/\/ivoreya-judo.si.afna.si\/wp-content\/uploads\/DSC_0068-1-1024x680.jpg\" alt=\"\" class=\"wp-image-19006\" srcset=\"http:\/\/ivoreya-judo.si.afna.si\/wp-content\/uploads\/DSC_0068-1-1024x680.jpg 1024w, http:\/\/ivoreya-judo.si.afna.si\/wp-content\/uploads\/DSC_0068-1-300x199.jpg 300w, http:\/\/ivoreya-judo.si.afna.si\/wp-content\/uploads\/DSC_0068-1-768x510.jpg 768w, http:\/\/ivoreya-judo.si.afna.si\/wp-content\/uploads\/DSC_0068-1-1536x1020.jpg 1536w, http:\/\/ivoreya-judo.si.afna.si\/wp-content\/uploads\/DSC_0068-1-624x415.jpg 624w, http:\/\/ivoreya-judo.si.afna.si\/wp-content\/uploads\/DSC_0068-1.jpg 1600w\" sizes=\"auto, (max-width: 1024px) 100vw, 1024px\" \/><\/figure>\n\n\n\n<figure class=\"wp-block-image size-large\"><img loading=\"lazy\" decoding=\"async\" width=\"1024\" height=\"680\" data-attachment-id=\"19005\" data-permalink=\"http:\/\/ivoreya-judo.si.afna.si\/?attachment_id=19005\" data-orig-file=\"http:\/\/ivoreya-judo.si.afna.si\/wp-content\/uploads\/DSC_0070-1.jpg\" data-orig-size=\"1600,1063\" data-comments-opened=\"0\" data-image-meta=\"{&quot;aperture&quot;:&quot;4&quot;,&quot;credit&quot;:&quot;Picasa&quot;,&quot;camera&quot;:&quot;NIKON D90&quot;,&quot;caption&quot;:&quot;&quot;,&quot;created_timestamp&quot;:&quot;1760899394&quot;,&quot;copyright&quot;:&quot;&quot;,&quot;focal_length&quot;:&quot;25&quot;,&quot;iso&quot;:&quot;800&quot;,&quot;shutter_speed&quot;:&quot;0.016666666666667&quot;,&quot;title&quot;:&quot;&quot;,&quot;orientation&quot;:&quot;0&quot;}\" data-image-title=\"DSC_0070\" data-image-description=\"\" data-image-caption=\"\" data-medium-file=\"http:\/\/ivoreya-judo.si.afna.si\/wp-content\/uploads\/DSC_0070-1-300x199.jpg\" data-large-file=\"http:\/\/ivoreya-judo.si.afna.si\/wp-content\/uploads\/DSC_0070-1-1024x680.jpg\" data-id=\"19005\" src=\"http:\/\/ivoreya-judo.si.afna.si\/wp-content\/uploads\/DSC_0070-1-1024x680.jpg\" alt=\"\" class=\"wp-image-19005\" srcset=\"http:\/\/ivoreya-judo.si.afna.si\/wp-content\/uploads\/DSC_0070-1-1024x680.jpg 1024w, http:\/\/ivoreya-judo.si.afna.si\/wp-content\/uploads\/DSC_0070-1-300x199.jpg 300w, http:\/\/ivoreya-judo.si.afna.si\/wp-content\/uploads\/DSC_0070-1-768x510.jpg 768w, http:\/\/ivoreya-judo.si.afna.si\/wp-content\/uploads\/DSC_0070-1-1536x1020.jpg 1536w, http:\/\/ivoreya-judo.si.afna.si\/wp-content\/uploads\/DSC_0070-1-624x415.jpg 624w, http:\/\/ivoreya-judo.si.afna.si\/wp-content\/uploads\/DSC_0070-1.jpg 1600w\" sizes=\"auto, (max-width: 1024px) 100vw, 1024px\" \/><\/figure>\n\n\n\n<figure class=\"wp-block-image size-large\"><img loading=\"lazy\" decoding=\"async\" width=\"1024\" height=\"680\" data-attachment-id=\"19007\" data-permalink=\"http:\/\/ivoreya-judo.si.afna.si\/?attachment_id=19007\" data-orig-file=\"http:\/\/ivoreya-judo.si.afna.si\/wp-content\/uploads\/DSC_0071-1.jpg\" data-orig-size=\"1600,1063\" data-comments-opened=\"0\" data-image-meta=\"{&quot;aperture&quot;:&quot;4.5&quot;,&quot;credit&quot;:&quot;Picasa&quot;,&quot;camera&quot;:&quot;NIKON D90&quot;,&quot;caption&quot;:&quot;&quot;,&quot;created_timestamp&quot;:&quot;1760899396&quot;,&quot;copyright&quot;:&quot;&quot;,&quot;focal_length&quot;:&quot;35&quot;,&quot;iso&quot;:&quot;800&quot;,&quot;shutter_speed&quot;:&quot;0.016666666666667&quot;,&quot;title&quot;:&quot;&quot;,&quot;orientation&quot;:&quot;0&quot;}\" data-image-title=\"DSC_0071\" data-image-description=\"\" data-image-caption=\"\" data-medium-file=\"http:\/\/ivoreya-judo.si.afna.si\/wp-content\/uploads\/DSC_0071-1-300x199.jpg\" data-large-file=\"http:\/\/ivoreya-judo.si.afna.si\/wp-content\/uploads\/DSC_0071-1-1024x680.jpg\" data-id=\"19007\" src=\"http:\/\/ivoreya-judo.si.afna.si\/wp-content\/uploads\/DSC_0071-1-1024x680.jpg\" alt=\"\" class=\"wp-image-19007\" srcset=\"http:\/\/ivoreya-judo.si.afna.si\/wp-content\/uploads\/DSC_0071-1-1024x680.jpg 1024w, http:\/\/ivoreya-judo.si.afna.si\/wp-content\/uploads\/DSC_0071-1-300x199.jpg 300w, http:\/\/ivoreya-judo.si.afna.si\/wp-content\/uploads\/DSC_0071-1-768x510.jpg 768w, http:\/\/ivoreya-judo.si.afna.si\/wp-content\/uploads\/DSC_0071-1-1536x1020.jpg 1536w, http:\/\/ivoreya-judo.si.afna.si\/wp-content\/uploads\/DSC_0071-1-624x415.jpg 624w, http:\/\/ivoreya-judo.si.afna.si\/wp-content\/uploads\/DSC_0071-1.jpg 1600w\" sizes=\"auto, (max-width: 1024px) 100vw, 1024px\" \/><\/figure>\n\n\n\n<figure class=\"wp-block-image size-large\"><img loading=\"lazy\" decoding=\"async\" width=\"1024\" height=\"680\" data-attachment-id=\"19008\" data-permalink=\"http:\/\/ivoreya-judo.si.afna.si\/?attachment_id=19008\" data-orig-file=\"http:\/\/ivoreya-judo.si.afna.si\/wp-content\/uploads\/DSC_0077.jpg\" data-orig-size=\"1600,1063\" data-comments-opened=\"0\" data-image-meta=\"{&quot;aperture&quot;:&quot;3.5&quot;,&quot;credit&quot;:&quot;Picasa&quot;,&quot;camera&quot;:&quot;NIKON D90&quot;,&quot;caption&quot;:&quot;&quot;,&quot;created_timestamp&quot;:&quot;1760899877&quot;,&quot;copyright&quot;:&quot;&quot;,&quot;focal_length&quot;:&quot;18&quot;,&quot;iso&quot;:&quot;0&quot;,&quot;shutter_speed&quot;:&quot;0.2&quot;,&quot;title&quot;:&quot;&quot;,&quot;orientation&quot;:&quot;0&quot;}\" data-image-title=\"DSC_0077\" data-image-description=\"\" data-image-caption=\"\" data-medium-file=\"http:\/\/ivoreya-judo.si.afna.si\/wp-content\/uploads\/DSC_0077-300x199.jpg\" data-large-file=\"http:\/\/ivoreya-judo.si.afna.si\/wp-content\/uploads\/DSC_0077-1024x680.jpg\" data-id=\"19008\" src=\"http:\/\/ivoreya-judo.si.afna.si\/wp-content\/uploads\/DSC_0077-1024x680.jpg\" alt=\"\" class=\"wp-image-19008\" srcset=\"http:\/\/ivoreya-judo.si.afna.si\/wp-content\/uploads\/DSC_0077-1024x680.jpg 1024w, http:\/\/ivoreya-judo.si.afna.si\/wp-content\/uploads\/DSC_0077-300x199.jpg 300w, http:\/\/ivoreya-judo.si.afna.si\/wp-content\/uploads\/DSC_0077-768x510.jpg 768w, http:\/\/ivoreya-judo.si.afna.si\/wp-content\/uploads\/DSC_0077-1536x1020.jpg 1536w, http:\/\/ivoreya-judo.si.afna.si\/wp-content\/uploads\/DSC_0077-624x415.jpg 624w, http:\/\/ivoreya-judo.si.afna.si\/wp-content\/uploads\/DSC_0077.jpg 1600w\" sizes=\"auto, (max-width: 1024px) 100vw, 1024px\" \/><\/figure>\n<\/figure>\n","protected":false},"excerpt":{"rendered":"<p>TROFEJ NIK\u0160I\u0106A, 19.10.2025, Nik\u0161i\u0107, MNE V nedeljo je na\u0161 prijatelski klub iz Nik\u0161i\u0107a Judo klub Onogo\u0161t organiziral svoj 16. mednarodni judo turnir.Z vsakim letom je turnir vse bolj\u0161 tako pri kvaliteti borb kot tudi pri organizaciji.Letos smo v Nik\u0161i\u0107 peljali osem tekmovalce. Nekateri so se prvi\u010d spoprijeli z tak\u0161nim mednarodnim turnirjem.Prav tako se zahvaljujemo MO [&hellip;]<\/p>\n","protected":false},"author":2,"featured_media":0,"comment_status":"closed","ping_status":"open","sticky":false,"template":"","format":"standard","meta":{"ngg_post_thumbnail":0,"_jetpack_newsletter_access":"","_jetpack_dont_email_post_to_subs":true,"_jetpack_newsletter_tier_id":0,"_jetpack_memberships_contains_paywalled_content":false,"_jetpack_memberships_contains_paid_content":false,"footnotes":""},"categories":[1],"tags":[],"class_list":["post-18994","post","type-post","status-publish","format-standard","hentry","category-uncategorized"],"jetpack_featured_media_url":"","jetpack_shortlink":"https:\/\/wp.me\/p345DH-4Wm","jetpack_sharing_enabled":true,"_links":{"self":[{"href":"http:\/\/ivoreya-judo.si.afna.si\/index.php?rest_route=\/wp\/v2\/posts\/18994","targetHints":{"allow":["GET"]}}],"collection":[{"href":"http:\/\/ivoreya-judo.si.afna.si\/index.php?rest_route=\/wp\/v2\/posts"}],"about":[{"href":"http:\/\/ivoreya-judo.si.afna.si\/index.php?rest_route=\/wp\/v2\/types\/post"}],"author":[{"embeddable":true,"href":"http:\/\/ivoreya-judo.si.afna.si\/index.php?rest_route=\/wp\/v2\/users\/2"}],"replies":[{"embeddable":true,"href":"http:\/\/ivoreya-judo.si.afna.si\/index.php?rest_route=%2Fwp%2Fv2%2Fcomments&post=18994"}],"version-history":[{"count":1,"href":"http:\/\/ivoreya-judo.si.afna.si\/index.php?rest_route=\/wp\/v2\/posts\/18994\/revisions"}],"predecessor-version":[{"id":19009,"href":"http:\/\/ivoreya-judo.si.afna.si\/index.php?rest_route=\/wp\/v2\/posts\/18994\/revisions\/19009"}],"wp:attachment":[{"href":"http:\/\/ivoreya-judo.si.afna.si\/index.php?rest_route=%2Fwp%2Fv2%2Fmedia&parent=18994"}],"wp:term":[{"taxonomy":"category","embeddable":true,"href":"http:\/\/ivoreya-judo.si.afna.si\/index.php?rest_route=%2Fwp%2Fv2%2Fcategories&post=18994"},{"taxonomy":"post_tag","embeddable":true,"href":"http:\/\/ivoreya-judo.si.afna.si\/index.php?rest_route=%2Fwp%2Fv2%2Ftags&post=18994"}],"curies":[{"name":"wp","href":"https:\/\/api.w.org\/{rel}","templated":true}]}}