{"id":19112,"date":"2025-11-18T12:33:43","date_gmt":"2025-11-18T11:33:43","guid":{"rendered":"http:\/\/ivoreya-judo.si.afna.si\/?p=19112"},"modified":"2025-11-18T12:33:44","modified_gmt":"2025-11-18T11:33:44","slug":"borsa-open-2-11-25-mostar-bih","status":"publish","type":"post","link":"http:\/\/ivoreya-judo.si.afna.si\/?p=19112","title":{"rendered":"BORSA OPEN, 2.11.&#8217;25, Mostar, BiH"},"content":{"rendered":"\n<p>BOPRSA OPEN, 2.11.&#8217;25, Mostar, BIH<\/p>\n\n\n\n<p>1. novembra smo se odpravili v Mostar na mednarodni turnir Borsa Open. Tekmovali smo v starostni kategoriji U15 in U18. Udele\u017eba na turniju je bila mo\u010dna. Nastopilo je preko tiso\u010d tekmovalcev iz vse Evrope. V starostni kategoriji U15 je Inja Gole v kategoriji +63 kg osvojila 2. mesto. Jure Dren je pri kadetih pri\u0161el najbli\u017eje medalji in se je ustavil tik pod stopni\u010dkam z osvojenim 5. mestom. Ostali na \u017ealost niso imeli svoj dan.<\/p>\n\n\n\n<figure class=\"wp-block-gallery has-nested-images columns-default is-cropped wp-block-gallery-1 is-layout-flex wp-block-gallery-is-layout-flex\">\n<figure class=\"wp-block-image size-large\"><img loading=\"lazy\" decoding=\"async\" width=\"1024\" height=\"768\" data-attachment-id=\"19113\" data-permalink=\"http:\/\/ivoreya-judo.si.afna.si\/?attachment_id=19113\" data-orig-file=\"http:\/\/ivoreya-judo.si.afna.si\/wp-content\/uploads\/IMG_20251102_163718-scaled.jpg\" data-orig-size=\"2560,1920\" data-comments-opened=\"0\" data-image-meta=\"{&quot;aperture&quot;:&quot;1.79&quot;,&quot;credit&quot;:&quot;&quot;,&quot;camera&quot;:&quot;Core-Z5&quot;,&quot;caption&quot;:&quot;&quot;,&quot;created_timestamp&quot;:&quot;1762101438&quot;,&quot;copyright&quot;:&quot;&quot;,&quot;focal_length&quot;:&quot;4.74&quot;,&quot;iso&quot;:&quot;141&quot;,&quot;shutter_speed&quot;:&quot;0.02&quot;,&quot;title&quot;:&quot;&quot;,&quot;orientation&quot;:&quot;1&quot;}\" data-image-title=\"IMG_20251102_163718\" data-image-description=\"\" data-image-caption=\"\" data-medium-file=\"http:\/\/ivoreya-judo.si.afna.si\/wp-content\/uploads\/IMG_20251102_163718-300x225.jpg\" data-large-file=\"http:\/\/ivoreya-judo.si.afna.si\/wp-content\/uploads\/IMG_20251102_163718-1024x768.jpg\" data-id=\"19113\" src=\"http:\/\/ivoreya-judo.si.afna.si\/wp-content\/uploads\/IMG_20251102_163718-1024x768.jpg\" alt=\"\" class=\"wp-image-19113\" srcset=\"http:\/\/ivoreya-judo.si.afna.si\/wp-content\/uploads\/IMG_20251102_163718-1024x768.jpg 1024w, http:\/\/ivoreya-judo.si.afna.si\/wp-content\/uploads\/IMG_20251102_163718-300x225.jpg 300w, http:\/\/ivoreya-judo.si.afna.si\/wp-content\/uploads\/IMG_20251102_163718-768x576.jpg 768w, http:\/\/ivoreya-judo.si.afna.si\/wp-content\/uploads\/IMG_20251102_163718-1536x1152.jpg 1536w, http:\/\/ivoreya-judo.si.afna.si\/wp-content\/uploads\/IMG_20251102_163718-2048x1536.jpg 2048w, http:\/\/ivoreya-judo.si.afna.si\/wp-content\/uploads\/IMG_20251102_163718-624x468.jpg 624w\" sizes=\"auto, (max-width: 1024px) 100vw, 1024px\" \/><\/figure>\n\n\n\n<figure class=\"wp-block-image size-large\"><img loading=\"lazy\" decoding=\"async\" width=\"1024\" height=\"768\" data-attachment-id=\"19114\" data-permalink=\"http:\/\/ivoreya-judo.si.afna.si\/?attachment_id=19114\" data-orig-file=\"http:\/\/ivoreya-judo.si.afna.si\/wp-content\/uploads\/IMG_20251102_163732-scaled.jpg\" data-orig-size=\"2560,1920\" data-comments-opened=\"0\" data-image-meta=\"{&quot;aperture&quot;:&quot;1.79&quot;,&quot;credit&quot;:&quot;&quot;,&quot;camera&quot;:&quot;Core-Z5&quot;,&quot;caption&quot;:&quot;&quot;,&quot;created_timestamp&quot;:&quot;1762101452&quot;,&quot;copyright&quot;:&quot;&quot;,&quot;focal_length&quot;:&quot;4.74&quot;,&quot;iso&quot;:&quot;200&quot;,&quot;shutter_speed&quot;:&quot;0.02101079&quot;,&quot;title&quot;:&quot;&quot;,&quot;orientation&quot;:&quot;1&quot;}\" data-image-title=\"IMG_20251102_163732\" data-image-description=\"\" data-image-caption=\"\" data-medium-file=\"http:\/\/ivoreya-judo.si.afna.si\/wp-content\/uploads\/IMG_20251102_163732-300x225.jpg\" data-large-file=\"http:\/\/ivoreya-judo.si.afna.si\/wp-content\/uploads\/IMG_20251102_163732-1024x768.jpg\" data-id=\"19114\" src=\"http:\/\/ivoreya-judo.si.afna.si\/wp-content\/uploads\/IMG_20251102_163732-1024x768.jpg\" alt=\"\" class=\"wp-image-19114\" srcset=\"http:\/\/ivoreya-judo.si.afna.si\/wp-content\/uploads\/IMG_20251102_163732-1024x768.jpg 1024w, http:\/\/ivoreya-judo.si.afna.si\/wp-content\/uploads\/IMG_20251102_163732-300x225.jpg 300w, http:\/\/ivoreya-judo.si.afna.si\/wp-content\/uploads\/IMG_20251102_163732-768x576.jpg 768w, http:\/\/ivoreya-judo.si.afna.si\/wp-content\/uploads\/IMG_20251102_163732-1536x1152.jpg 1536w, http:\/\/ivoreya-judo.si.afna.si\/wp-content\/uploads\/IMG_20251102_163732-2048x1536.jpg 2048w, http:\/\/ivoreya-judo.si.afna.si\/wp-content\/uploads\/IMG_20251102_163732-624x468.jpg 624w\" sizes=\"auto, (max-width: 1024px) 100vw, 1024px\" \/><\/figure>\n\n\n\n<figure class=\"wp-block-image size-large\"><img loading=\"lazy\" decoding=\"async\" width=\"1024\" height=\"768\" data-attachment-id=\"19115\" data-permalink=\"http:\/\/ivoreya-judo.si.afna.si\/?attachment_id=19115\" data-orig-file=\"http:\/\/ivoreya-judo.si.afna.si\/wp-content\/uploads\/IMG_20251102_163750-scaled.jpg\" data-orig-size=\"2560,1920\" data-comments-opened=\"0\" data-image-meta=\"{&quot;aperture&quot;:&quot;1.79&quot;,&quot;credit&quot;:&quot;&quot;,&quot;camera&quot;:&quot;Core-Z5&quot;,&quot;caption&quot;:&quot;&quot;,&quot;created_timestamp&quot;:&quot;1762101470&quot;,&quot;copyright&quot;:&quot;&quot;,&quot;focal_length&quot;:&quot;4.74&quot;,&quot;iso&quot;:&quot;144&quot;,&quot;shutter_speed&quot;:&quot;0.02&quot;,&quot;title&quot;:&quot;&quot;,&quot;orientation&quot;:&quot;1&quot;}\" data-image-title=\"IMG_20251102_163750\" data-image-description=\"\" data-image-caption=\"\" data-medium-file=\"http:\/\/ivoreya-judo.si.afna.si\/wp-content\/uploads\/IMG_20251102_163750-300x225.jpg\" data-large-file=\"http:\/\/ivoreya-judo.si.afna.si\/wp-content\/uploads\/IMG_20251102_163750-1024x768.jpg\" data-id=\"19115\" src=\"http:\/\/ivoreya-judo.si.afna.si\/wp-content\/uploads\/IMG_20251102_163750-1024x768.jpg\" alt=\"\" class=\"wp-image-19115\" srcset=\"http:\/\/ivoreya-judo.si.afna.si\/wp-content\/uploads\/IMG_20251102_163750-1024x768.jpg 1024w, http:\/\/ivoreya-judo.si.afna.si\/wp-content\/uploads\/IMG_20251102_163750-300x225.jpg 300w, http:\/\/ivoreya-judo.si.afna.si\/wp-content\/uploads\/IMG_20251102_163750-768x576.jpg 768w, http:\/\/ivoreya-judo.si.afna.si\/wp-content\/uploads\/IMG_20251102_163750-1536x1152.jpg 1536w, http:\/\/ivoreya-judo.si.afna.si\/wp-content\/uploads\/IMG_20251102_163750-2048x1536.jpg 2048w, http:\/\/ivoreya-judo.si.afna.si\/wp-content\/uploads\/IMG_20251102_163750-624x468.jpg 624w\" sizes=\"auto, (max-width: 1024px) 100vw, 1024px\" \/><\/figure>\n\n\n\n<figure class=\"wp-block-image size-large\"><img loading=\"lazy\" decoding=\"async\" width=\"1024\" height=\"768\" data-attachment-id=\"19116\" data-permalink=\"http:\/\/ivoreya-judo.si.afna.si\/?attachment_id=19116\" data-orig-file=\"http:\/\/ivoreya-judo.si.afna.si\/wp-content\/uploads\/IMG_20251102_163758-scaled.jpg\" data-orig-size=\"2560,1920\" data-comments-opened=\"0\" data-image-meta=\"{&quot;aperture&quot;:&quot;1.79&quot;,&quot;credit&quot;:&quot;&quot;,&quot;camera&quot;:&quot;Core-Z5&quot;,&quot;caption&quot;:&quot;&quot;,&quot;created_timestamp&quot;:&quot;1762101478&quot;,&quot;copyright&quot;:&quot;&quot;,&quot;focal_length&quot;:&quot;4.74&quot;,&quot;iso&quot;:&quot;151&quot;,&quot;shutter_speed&quot;:&quot;0.02&quot;,&quot;title&quot;:&quot;&quot;,&quot;orientation&quot;:&quot;1&quot;}\" data-image-title=\"IMG_20251102_163758\" data-image-description=\"\" data-image-caption=\"\" data-medium-file=\"http:\/\/ivoreya-judo.si.afna.si\/wp-content\/uploads\/IMG_20251102_163758-300x225.jpg\" data-large-file=\"http:\/\/ivoreya-judo.si.afna.si\/wp-content\/uploads\/IMG_20251102_163758-1024x768.jpg\" data-id=\"19116\" src=\"http:\/\/ivoreya-judo.si.afna.si\/wp-content\/uploads\/IMG_20251102_163758-1024x768.jpg\" alt=\"\" class=\"wp-image-19116\" srcset=\"http:\/\/ivoreya-judo.si.afna.si\/wp-content\/uploads\/IMG_20251102_163758-1024x768.jpg 1024w, http:\/\/ivoreya-judo.si.afna.si\/wp-content\/uploads\/IMG_20251102_163758-300x225.jpg 300w, http:\/\/ivoreya-judo.si.afna.si\/wp-content\/uploads\/IMG_20251102_163758-768x576.jpg 768w, http:\/\/ivoreya-judo.si.afna.si\/wp-content\/uploads\/IMG_20251102_163758-1536x1152.jpg 1536w, http:\/\/ivoreya-judo.si.afna.si\/wp-content\/uploads\/IMG_20251102_163758-2048x1536.jpg 2048w, http:\/\/ivoreya-judo.si.afna.si\/wp-content\/uploads\/IMG_20251102_163758-624x468.jpg 624w\" sizes=\"auto, (max-width: 1024px) 100vw, 1024px\" \/><\/figure>\n\n\n\n<figure class=\"wp-block-image size-large\"><img loading=\"lazy\" decoding=\"async\" width=\"768\" height=\"1024\" data-attachment-id=\"19117\" data-permalink=\"http:\/\/ivoreya-judo.si.afna.si\/?attachment_id=19117\" data-orig-file=\"http:\/\/ivoreya-judo.si.afna.si\/wp-content\/uploads\/IMG_20251102_163824-scaled.jpg\" data-orig-size=\"1920,2560\" data-comments-opened=\"0\" data-image-meta=\"{&quot;aperture&quot;:&quot;1.79&quot;,&quot;credit&quot;:&quot;&quot;,&quot;camera&quot;:&quot;Core-Z5&quot;,&quot;caption&quot;:&quot;&quot;,&quot;created_timestamp&quot;:&quot;1762101503&quot;,&quot;copyright&quot;:&quot;&quot;,&quot;focal_length&quot;:&quot;4.74&quot;,&quot;iso&quot;:&quot;120&quot;,&quot;shutter_speed&quot;:&quot;0.02&quot;,&quot;title&quot;:&quot;&quot;,&quot;orientation&quot;:&quot;1&quot;}\" data-image-title=\"IMG_20251102_163824\" data-image-description=\"\" data-image-caption=\"\" data-medium-file=\"http:\/\/ivoreya-judo.si.afna.si\/wp-content\/uploads\/IMG_20251102_163824-225x300.jpg\" data-large-file=\"http:\/\/ivoreya-judo.si.afna.si\/wp-content\/uploads\/IMG_20251102_163824-768x1024.jpg\" data-id=\"19117\" src=\"http:\/\/ivoreya-judo.si.afna.si\/wp-content\/uploads\/IMG_20251102_163824-768x1024.jpg\" alt=\"\" class=\"wp-image-19117\" srcset=\"http:\/\/ivoreya-judo.si.afna.si\/wp-content\/uploads\/IMG_20251102_163824-768x1024.jpg 768w, http:\/\/ivoreya-judo.si.afna.si\/wp-content\/uploads\/IMG_20251102_163824-225x300.jpg 225w, http:\/\/ivoreya-judo.si.afna.si\/wp-content\/uploads\/IMG_20251102_163824-1152x1536.jpg 1152w, http:\/\/ivoreya-judo.si.afna.si\/wp-content\/uploads\/IMG_20251102_163824-1536x2048.jpg 1536w, http:\/\/ivoreya-judo.si.afna.si\/wp-content\/uploads\/IMG_20251102_163824-624x832.jpg 624w, http:\/\/ivoreya-judo.si.afna.si\/wp-content\/uploads\/IMG_20251102_163824-scaled.jpg 1920w\" sizes=\"auto, (max-width: 768px) 100vw, 768px\" \/><\/figure>\n\n\n\n<figure class=\"wp-block-image size-large\"><img loading=\"lazy\" decoding=\"async\" width=\"1024\" height=\"768\" data-attachment-id=\"19118\" data-permalink=\"http:\/\/ivoreya-judo.si.afna.si\/?attachment_id=19118\" data-orig-file=\"http:\/\/ivoreya-judo.si.afna.si\/wp-content\/uploads\/IMG_20251103_085800-scaled.jpg\" data-orig-size=\"2560,1920\" data-comments-opened=\"0\" data-image-meta=\"{&quot;aperture&quot;:&quot;1.79&quot;,&quot;credit&quot;:&quot;&quot;,&quot;camera&quot;:&quot;Core-Z5&quot;,&quot;caption&quot;:&quot;&quot;,&quot;created_timestamp&quot;:&quot;1762160280&quot;,&quot;copyright&quot;:&quot;&quot;,&quot;focal_length&quot;:&quot;4.74&quot;,&quot;iso&quot;:&quot;100&quot;,&quot;shutter_speed&quot;:&quot;0.004651949&quot;,&quot;title&quot;:&quot;&quot;,&quot;orientation&quot;:&quot;1&quot;}\" data-image-title=\"IMG_20251103_085800\" data-image-description=\"\" data-image-caption=\"\" data-medium-file=\"http:\/\/ivoreya-judo.si.afna.si\/wp-content\/uploads\/IMG_20251103_085800-300x225.jpg\" data-large-file=\"http:\/\/ivoreya-judo.si.afna.si\/wp-content\/uploads\/IMG_20251103_085800-1024x768.jpg\" data-id=\"19118\" src=\"http:\/\/ivoreya-judo.si.afna.si\/wp-content\/uploads\/IMG_20251103_085800-1024x768.jpg\" alt=\"\" class=\"wp-image-19118\" srcset=\"http:\/\/ivoreya-judo.si.afna.si\/wp-content\/uploads\/IMG_20251103_085800-1024x768.jpg 1024w, http:\/\/ivoreya-judo.si.afna.si\/wp-content\/uploads\/IMG_20251103_085800-300x225.jpg 300w, http:\/\/ivoreya-judo.si.afna.si\/wp-content\/uploads\/IMG_20251103_085800-768x576.jpg 768w, http:\/\/ivoreya-judo.si.afna.si\/wp-content\/uploads\/IMG_20251103_085800-1536x1152.jpg 1536w, http:\/\/ivoreya-judo.si.afna.si\/wp-content\/uploads\/IMG_20251103_085800-2048x1536.jpg 2048w, http:\/\/ivoreya-judo.si.afna.si\/wp-content\/uploads\/IMG_20251103_085800-624x468.jpg 624w\" sizes=\"auto, (max-width: 1024px) 100vw, 1024px\" \/><\/figure>\n\n\n\n<figure class=\"wp-block-image size-large\"><img loading=\"lazy\" decoding=\"async\" width=\"1024\" height=\"768\" data-attachment-id=\"19120\" data-permalink=\"http:\/\/ivoreya-judo.si.afna.si\/?attachment_id=19120\" data-orig-file=\"http:\/\/ivoreya-judo.si.afna.si\/wp-content\/uploads\/IMG_20251103_085813-scaled.jpg\" data-orig-size=\"2560,1920\" data-comments-opened=\"0\" data-image-meta=\"{&quot;aperture&quot;:&quot;1.79&quot;,&quot;credit&quot;:&quot;&quot;,&quot;camera&quot;:&quot;Core-Z5&quot;,&quot;caption&quot;:&quot;&quot;,&quot;created_timestamp&quot;:&quot;1762160293&quot;,&quot;copyright&quot;:&quot;&quot;,&quot;focal_length&quot;:&quot;4.74&quot;,&quot;iso&quot;:&quot;100&quot;,&quot;shutter_speed&quot;:&quot;0.002261382&quot;,&quot;title&quot;:&quot;&quot;,&quot;orientation&quot;:&quot;1&quot;}\" data-image-title=\"IMG_20251103_085813\" data-image-description=\"\" data-image-caption=\"\" data-medium-file=\"http:\/\/ivoreya-judo.si.afna.si\/wp-content\/uploads\/IMG_20251103_085813-300x225.jpg\" data-large-file=\"http:\/\/ivoreya-judo.si.afna.si\/wp-content\/uploads\/IMG_20251103_085813-1024x768.jpg\" data-id=\"19120\" src=\"http:\/\/ivoreya-judo.si.afna.si\/wp-content\/uploads\/IMG_20251103_085813-1024x768.jpg\" alt=\"\" class=\"wp-image-19120\" srcset=\"http:\/\/ivoreya-judo.si.afna.si\/wp-content\/uploads\/IMG_20251103_085813-1024x768.jpg 1024w, http:\/\/ivoreya-judo.si.afna.si\/wp-content\/uploads\/IMG_20251103_085813-300x225.jpg 300w, http:\/\/ivoreya-judo.si.afna.si\/wp-content\/uploads\/IMG_20251103_085813-768x576.jpg 768w, http:\/\/ivoreya-judo.si.afna.si\/wp-content\/uploads\/IMG_20251103_085813-1536x1152.jpg 1536w, http:\/\/ivoreya-judo.si.afna.si\/wp-content\/uploads\/IMG_20251103_085813-2048x1536.jpg 2048w, http:\/\/ivoreya-judo.si.afna.si\/wp-content\/uploads\/IMG_20251103_085813-624x468.jpg 624w\" sizes=\"auto, (max-width: 1024px) 100vw, 1024px\" \/><\/figure>\n\n\n\n<figure class=\"wp-block-image size-large\"><img loading=\"lazy\" decoding=\"async\" width=\"1024\" height=\"682\" data-attachment-id=\"19119\" data-permalink=\"http:\/\/ivoreya-judo.si.afna.si\/?attachment_id=19119\" data-orig-file=\"http:\/\/ivoreya-judo.si.afna.si\/wp-content\/uploads\/IMG-20251031-WA0000.jpg\" data-orig-size=\"1600,1066\" data-comments-opened=\"0\" data-image-meta=\"{&quot;aperture&quot;:&quot;0&quot;,&quot;credit&quot;:&quot;&quot;,&quot;camera&quot;:&quot;&quot;,&quot;caption&quot;:&quot;&quot;,&quot;created_timestamp&quot;:&quot;0&quot;,&quot;copyright&quot;:&quot;&quot;,&quot;focal_length&quot;:&quot;0&quot;,&quot;iso&quot;:&quot;0&quot;,&quot;shutter_speed&quot;:&quot;0&quot;,&quot;title&quot;:&quot;&quot;,&quot;orientation&quot;:&quot;0&quot;}\" data-image-title=\"IMG-20251031-WA0000\" data-image-description=\"\" data-image-caption=\"\" data-medium-file=\"http:\/\/ivoreya-judo.si.afna.si\/wp-content\/uploads\/IMG-20251031-WA0000-300x200.jpg\" data-large-file=\"http:\/\/ivoreya-judo.si.afna.si\/wp-content\/uploads\/IMG-20251031-WA0000-1024x682.jpg\" data-id=\"19119\" src=\"http:\/\/ivoreya-judo.si.afna.si\/wp-content\/uploads\/IMG-20251031-WA0000-1024x682.jpg\" alt=\"\" class=\"wp-image-19119\" srcset=\"http:\/\/ivoreya-judo.si.afna.si\/wp-content\/uploads\/IMG-20251031-WA0000-1024x682.jpg 1024w, http:\/\/ivoreya-judo.si.afna.si\/wp-content\/uploads\/IMG-20251031-WA0000-300x200.jpg 300w, http:\/\/ivoreya-judo.si.afna.si\/wp-content\/uploads\/IMG-20251031-WA0000-768x512.jpg 768w, http:\/\/ivoreya-judo.si.afna.si\/wp-content\/uploads\/IMG-20251031-WA0000-1536x1023.jpg 1536w, http:\/\/ivoreya-judo.si.afna.si\/wp-content\/uploads\/IMG-20251031-WA0000-624x416.jpg 624w, http:\/\/ivoreya-judo.si.afna.si\/wp-content\/uploads\/IMG-20251031-WA0000.jpg 1600w\" sizes=\"auto, (max-width: 1024px) 100vw, 1024px\" \/><\/figure>\n<\/figure>\n","protected":false},"excerpt":{"rendered":"<p>BOPRSA OPEN, 2.11.&#8217;25, Mostar, BIH 1. novembra smo se odpravili v Mostar na mednarodni turnir Borsa Open. Tekmovali smo v starostni kategoriji U15 in U18. Udele\u017eba na turniju je bila mo\u010dna. Nastopilo je preko tiso\u010d tekmovalcev iz vse Evrope. V starostni kategoriji U15 je Inja Gole v kategoriji +63 kg osvojila 2. mesto. Jure Dren [&hellip;]<\/p>\n","protected":false},"author":2,"featured_media":0,"comment_status":"closed","ping_status":"open","sticky":false,"template":"","format":"standard","meta":{"ngg_post_thumbnail":0,"_jetpack_newsletter_access":"","_jetpack_dont_email_post_to_subs":true,"_jetpack_newsletter_tier_id":0,"_jetpack_memberships_contains_paywalled_content":false,"_jetpack_memberships_contains_paid_content":false,"footnotes":""},"categories":[1],"tags":[],"class_list":["post-19112","post","type-post","status-publish","format-standard","hentry","category-uncategorized"],"jetpack_featured_media_url":"","jetpack_shortlink":"https:\/\/wp.me\/p345DH-4Yg","jetpack_sharing_enabled":true,"_links":{"self":[{"href":"http:\/\/ivoreya-judo.si.afna.si\/index.php?rest_route=\/wp\/v2\/posts\/19112","targetHints":{"allow":["GET"]}}],"collection":[{"href":"http:\/\/ivoreya-judo.si.afna.si\/index.php?rest_route=\/wp\/v2\/posts"}],"about":[{"href":"http:\/\/ivoreya-judo.si.afna.si\/index.php?rest_route=\/wp\/v2\/types\/post"}],"author":[{"embeddable":true,"href":"http:\/\/ivoreya-judo.si.afna.si\/index.php?rest_route=\/wp\/v2\/users\/2"}],"replies":[{"embeddable":true,"href":"http:\/\/ivoreya-judo.si.afna.si\/index.php?rest_route=%2Fwp%2Fv2%2Fcomments&post=19112"}],"version-history":[{"count":1,"href":"http:\/\/ivoreya-judo.si.afna.si\/index.php?rest_route=\/wp\/v2\/posts\/19112\/revisions"}],"predecessor-version":[{"id":19121,"href":"http:\/\/ivoreya-judo.si.afna.si\/index.php?rest_route=\/wp\/v2\/posts\/19112\/revisions\/19121"}],"wp:attachment":[{"href":"http:\/\/ivoreya-judo.si.afna.si\/index.php?rest_route=%2Fwp%2Fv2%2Fmedia&parent=19112"}],"wp:term":[{"taxonomy":"category","embeddable":true,"href":"http:\/\/ivoreya-judo.si.afna.si\/index.php?rest_route=%2Fwp%2Fv2%2Fcategories&post=19112"},{"taxonomy":"post_tag","embeddable":true,"href":"http:\/\/ivoreya-judo.si.afna.si\/index.php?rest_route=%2Fwp%2Fv2%2Ftags&post=19112"}],"curies":[{"name":"wp","href":"https:\/\/api.w.org\/{rel}","templated":true}]}}