{"id":19144,"date":"2025-11-23T23:32:33","date_gmt":"2025-11-23T22:32:33","guid":{"rendered":"http:\/\/ivoreya-judo.si.afna.si\/?p=19144"},"modified":"2025-11-23T23:32:33","modified_gmt":"2025-11-23T22:32:33","slug":"mini-nagaoka-in-nagaoka-15-in-16-11-25","status":"publish","type":"post","link":"http:\/\/ivoreya-judo.si.afna.si\/?p=19144","title":{"rendered":"MINI NAGAOKA IN NAGAOKA, 15. in 16.11.&#8217;25"},"content":{"rendered":"\n<p>MINI NAGAOKA IN NAGAOKA, 15. in 16.11.&#8217;25, Ljubljana, SLO<\/p>\n\n\n\n<p>Judo klub Olimpija je v soboto 15. in nedeljo 16. novmbra organizirala mednarodni turnir Nagaoka. V soboto so natopili tekmovalci U12, U14 in U16 na Mini Nagaoki. V nedeljo pa so se kadeti in \u010dlani pomerili na Nagaoki.<br>V sobot sta se najbolje odrezala Inja in Svit in domov odnesla zlato in srebro. V nedeljo pa je manjkalo nekaj \u0161portne sre\u010de za Tiana, ki je tako pri kadetih kot pri \u010dlanih osvojil 5. mesto.<\/p>\n\n\n\n<p>REZULTATI<\/p>\n\n\n\n<p>U14<\/p>\n\n\n\n<p>Inja GOLE +63 kg 1. mesto<\/p>\n\n\n\n<p>U16<\/p>\n\n\n\n<p>Svit NAGLI\u010c -60 kg 2. mesto<\/p>\n\n\n\n<p>U18<\/p>\n\n\n\n<p>Tian STOJAN -66 kg 5. mesto<br>\u017danin VALEN\u010cAK -57 kg 7. mesto<\/p>\n\n\n\n<p>SEN<\/p>\n\n\n\n<p>Tian STOJAN -66 kg 5. mesto<br>\u017danin VALEN\u010cAK -57 kg 4. mesto<br>Nejc KUGLER -81 kg 9. mesto<\/p>\n\n\n\n<p>\u010cestitke<\/p>\n\n\n\n<figure class=\"wp-block-gallery has-nested-images columns-default is-cropped wp-block-gallery-1 is-layout-flex wp-block-gallery-is-layout-flex\">\n<figure class=\"wp-block-image size-large\"><img loading=\"lazy\" decoding=\"async\" width=\"1024\" height=\"680\" data-attachment-id=\"19145\" data-permalink=\"http:\/\/ivoreya-judo.si.afna.si\/?attachment_id=19145\" data-orig-file=\"http:\/\/ivoreya-judo.si.afna.si\/wp-content\/uploads\/DSC_0114-1.jpg\" data-orig-size=\"1600,1063\" data-comments-opened=\"0\" data-image-meta=\"{&quot;aperture&quot;:&quot;3.8&quot;,&quot;credit&quot;:&quot;Picasa&quot;,&quot;camera&quot;:&quot;NIKON D90&quot;,&quot;caption&quot;:&quot;&quot;,&quot;created_timestamp&quot;:&quot;1763228790&quot;,&quot;copyright&quot;:&quot;&quot;,&quot;focal_length&quot;:&quot;22&quot;,&quot;iso&quot;:&quot;640&quot;,&quot;shutter_speed&quot;:&quot;0.0125&quot;,&quot;title&quot;:&quot;&quot;,&quot;orientation&quot;:&quot;0&quot;}\" data-image-title=\"DSC_0114\" data-image-description=\"\" data-image-caption=\"\" data-medium-file=\"http:\/\/ivoreya-judo.si.afna.si\/wp-content\/uploads\/DSC_0114-1-300x199.jpg\" data-large-file=\"http:\/\/ivoreya-judo.si.afna.si\/wp-content\/uploads\/DSC_0114-1-1024x680.jpg\" data-id=\"19145\" src=\"http:\/\/ivoreya-judo.si.afna.si\/wp-content\/uploads\/DSC_0114-1-1024x680.jpg\" alt=\"\" class=\"wp-image-19145\" srcset=\"http:\/\/ivoreya-judo.si.afna.si\/wp-content\/uploads\/DSC_0114-1-1024x680.jpg 1024w, http:\/\/ivoreya-judo.si.afna.si\/wp-content\/uploads\/DSC_0114-1-300x199.jpg 300w, http:\/\/ivoreya-judo.si.afna.si\/wp-content\/uploads\/DSC_0114-1-768x510.jpg 768w, http:\/\/ivoreya-judo.si.afna.si\/wp-content\/uploads\/DSC_0114-1-1536x1020.jpg 1536w, http:\/\/ivoreya-judo.si.afna.si\/wp-content\/uploads\/DSC_0114-1-624x415.jpg 624w, http:\/\/ivoreya-judo.si.afna.si\/wp-content\/uploads\/DSC_0114-1.jpg 1600w\" sizes=\"auto, (max-width: 1024px) 100vw, 1024px\" \/><\/figure>\n\n\n\n<figure class=\"wp-block-image size-large\"><img loading=\"lazy\" decoding=\"async\" width=\"1024\" height=\"680\" data-attachment-id=\"19148\" data-permalink=\"http:\/\/ivoreya-judo.si.afna.si\/?attachment_id=19148\" data-orig-file=\"http:\/\/ivoreya-judo.si.afna.si\/wp-content\/uploads\/DSC_0117.jpg\" data-orig-size=\"1600,1063\" data-comments-opened=\"0\" data-image-meta=\"{&quot;aperture&quot;:&quot;4.8&quot;,&quot;credit&quot;:&quot;Picasa&quot;,&quot;camera&quot;:&quot;NIKON D90&quot;,&quot;caption&quot;:&quot;&quot;,&quot;created_timestamp&quot;:&quot;1763228800&quot;,&quot;copyright&quot;:&quot;&quot;,&quot;focal_length&quot;:&quot;45&quot;,&quot;iso&quot;:&quot;640&quot;,&quot;shutter_speed&quot;:&quot;0.016666666666667&quot;,&quot;title&quot;:&quot;&quot;,&quot;orientation&quot;:&quot;0&quot;}\" data-image-title=\"DSC_0117\" data-image-description=\"\" data-image-caption=\"\" data-medium-file=\"http:\/\/ivoreya-judo.si.afna.si\/wp-content\/uploads\/DSC_0117-300x199.jpg\" data-large-file=\"http:\/\/ivoreya-judo.si.afna.si\/wp-content\/uploads\/DSC_0117-1024x680.jpg\" data-id=\"19148\" src=\"http:\/\/ivoreya-judo.si.afna.si\/wp-content\/uploads\/DSC_0117-1024x680.jpg\" alt=\"\" class=\"wp-image-19148\" srcset=\"http:\/\/ivoreya-judo.si.afna.si\/wp-content\/uploads\/DSC_0117-1024x680.jpg 1024w, http:\/\/ivoreya-judo.si.afna.si\/wp-content\/uploads\/DSC_0117-300x199.jpg 300w, http:\/\/ivoreya-judo.si.afna.si\/wp-content\/uploads\/DSC_0117-768x510.jpg 768w, http:\/\/ivoreya-judo.si.afna.si\/wp-content\/uploads\/DSC_0117-1536x1020.jpg 1536w, http:\/\/ivoreya-judo.si.afna.si\/wp-content\/uploads\/DSC_0117-624x415.jpg 624w, http:\/\/ivoreya-judo.si.afna.si\/wp-content\/uploads\/DSC_0117.jpg 1600w\" sizes=\"auto, (max-width: 1024px) 100vw, 1024px\" \/><\/figure>\n\n\n\n<figure class=\"wp-block-image size-large\"><img loading=\"lazy\" decoding=\"async\" width=\"680\" height=\"1024\" data-attachment-id=\"19146\" data-permalink=\"http:\/\/ivoreya-judo.si.afna.si\/?attachment_id=19146\" data-orig-file=\"http:\/\/ivoreya-judo.si.afna.si\/wp-content\/uploads\/DSC_0119-1.jpg\" data-orig-size=\"1063,1600\" data-comments-opened=\"0\" data-image-meta=\"{&quot;aperture&quot;:&quot;4.5&quot;,&quot;credit&quot;:&quot;Picasa&quot;,&quot;camera&quot;:&quot;NIKON D90&quot;,&quot;caption&quot;:&quot;&quot;,&quot;created_timestamp&quot;:&quot;1763228815&quot;,&quot;copyright&quot;:&quot;&quot;,&quot;focal_length&quot;:&quot;35&quot;,&quot;iso&quot;:&quot;640&quot;,&quot;shutter_speed&quot;:&quot;0.0125&quot;,&quot;title&quot;:&quot;&quot;,&quot;orientation&quot;:&quot;0&quot;}\" data-image-title=\"DSC_0119\" data-image-description=\"\" data-image-caption=\"\" data-medium-file=\"http:\/\/ivoreya-judo.si.afna.si\/wp-content\/uploads\/DSC_0119-1-199x300.jpg\" data-large-file=\"http:\/\/ivoreya-judo.si.afna.si\/wp-content\/uploads\/DSC_0119-1-680x1024.jpg\" data-id=\"19146\" src=\"http:\/\/ivoreya-judo.si.afna.si\/wp-content\/uploads\/DSC_0119-1-680x1024.jpg\" alt=\"\" class=\"wp-image-19146\" srcset=\"http:\/\/ivoreya-judo.si.afna.si\/wp-content\/uploads\/DSC_0119-1-680x1024.jpg 680w, http:\/\/ivoreya-judo.si.afna.si\/wp-content\/uploads\/DSC_0119-1-199x300.jpg 199w, http:\/\/ivoreya-judo.si.afna.si\/wp-content\/uploads\/DSC_0119-1-768x1156.jpg 768w, http:\/\/ivoreya-judo.si.afna.si\/wp-content\/uploads\/DSC_0119-1-1020x1536.jpg 1020w, http:\/\/ivoreya-judo.si.afna.si\/wp-content\/uploads\/DSC_0119-1-624x939.jpg 624w, http:\/\/ivoreya-judo.si.afna.si\/wp-content\/uploads\/DSC_0119-1.jpg 1063w\" sizes=\"auto, (max-width: 680px) 100vw, 680px\" \/><\/figure>\n\n\n\n<figure class=\"wp-block-image size-large\"><img loading=\"lazy\" decoding=\"async\" width=\"1024\" height=\"680\" data-attachment-id=\"19150\" data-permalink=\"http:\/\/ivoreya-judo.si.afna.si\/?attachment_id=19150\" data-orig-file=\"http:\/\/ivoreya-judo.si.afna.si\/wp-content\/uploads\/DSC_0120.jpg\" data-orig-size=\"1600,1063\" data-comments-opened=\"0\" data-image-meta=\"{&quot;aperture&quot;:&quot;4&quot;,&quot;credit&quot;:&quot;Picasa&quot;,&quot;camera&quot;:&quot;NIKON D90&quot;,&quot;caption&quot;:&quot;&quot;,&quot;created_timestamp&quot;:&quot;1763237125&quot;,&quot;copyright&quot;:&quot;&quot;,&quot;focal_length&quot;:&quot;28&quot;,&quot;iso&quot;:&quot;640&quot;,&quot;shutter_speed&quot;:&quot;0.016666666666667&quot;,&quot;title&quot;:&quot;&quot;,&quot;orientation&quot;:&quot;0&quot;}\" data-image-title=\"DSC_0120\" data-image-description=\"\" data-image-caption=\"\" data-medium-file=\"http:\/\/ivoreya-judo.si.afna.si\/wp-content\/uploads\/DSC_0120-300x199.jpg\" data-large-file=\"http:\/\/ivoreya-judo.si.afna.si\/wp-content\/uploads\/DSC_0120-1024x680.jpg\" data-id=\"19150\" src=\"http:\/\/ivoreya-judo.si.afna.si\/wp-content\/uploads\/DSC_0120-1024x680.jpg\" alt=\"\" class=\"wp-image-19150\" srcset=\"http:\/\/ivoreya-judo.si.afna.si\/wp-content\/uploads\/DSC_0120-1024x680.jpg 1024w, http:\/\/ivoreya-judo.si.afna.si\/wp-content\/uploads\/DSC_0120-300x199.jpg 300w, http:\/\/ivoreya-judo.si.afna.si\/wp-content\/uploads\/DSC_0120-768x510.jpg 768w, http:\/\/ivoreya-judo.si.afna.si\/wp-content\/uploads\/DSC_0120-1536x1020.jpg 1536w, http:\/\/ivoreya-judo.si.afna.si\/wp-content\/uploads\/DSC_0120-624x415.jpg 624w, http:\/\/ivoreya-judo.si.afna.si\/wp-content\/uploads\/DSC_0120.jpg 1600w\" sizes=\"auto, (max-width: 1024px) 100vw, 1024px\" \/><\/figure>\n\n\n\n<figure class=\"wp-block-image size-large\"><img loading=\"lazy\" decoding=\"async\" width=\"1024\" height=\"680\" data-attachment-id=\"19147\" data-permalink=\"http:\/\/ivoreya-judo.si.afna.si\/?attachment_id=19147\" data-orig-file=\"http:\/\/ivoreya-judo.si.afna.si\/wp-content\/uploads\/DSC_0122.jpg\" data-orig-size=\"1600,1063\" data-comments-opened=\"0\" data-image-meta=\"{&quot;aperture&quot;:&quot;4.8&quot;,&quot;credit&quot;:&quot;Picasa&quot;,&quot;camera&quot;:&quot;NIKON D90&quot;,&quot;caption&quot;:&quot;&quot;,&quot;created_timestamp&quot;:&quot;1763237129&quot;,&quot;copyright&quot;:&quot;&quot;,&quot;focal_length&quot;:&quot;45&quot;,&quot;iso&quot;:&quot;640&quot;,&quot;shutter_speed&quot;:&quot;0.016666666666667&quot;,&quot;title&quot;:&quot;&quot;,&quot;orientation&quot;:&quot;0&quot;}\" data-image-title=\"DSC_0122\" data-image-description=\"\" data-image-caption=\"\" data-medium-file=\"http:\/\/ivoreya-judo.si.afna.si\/wp-content\/uploads\/DSC_0122-300x199.jpg\" data-large-file=\"http:\/\/ivoreya-judo.si.afna.si\/wp-content\/uploads\/DSC_0122-1024x680.jpg\" data-id=\"19147\" src=\"http:\/\/ivoreya-judo.si.afna.si\/wp-content\/uploads\/DSC_0122-1024x680.jpg\" alt=\"\" class=\"wp-image-19147\" srcset=\"http:\/\/ivoreya-judo.si.afna.si\/wp-content\/uploads\/DSC_0122-1024x680.jpg 1024w, http:\/\/ivoreya-judo.si.afna.si\/wp-content\/uploads\/DSC_0122-300x199.jpg 300w, http:\/\/ivoreya-judo.si.afna.si\/wp-content\/uploads\/DSC_0122-768x510.jpg 768w, http:\/\/ivoreya-judo.si.afna.si\/wp-content\/uploads\/DSC_0122-1536x1020.jpg 1536w, http:\/\/ivoreya-judo.si.afna.si\/wp-content\/uploads\/DSC_0122-624x415.jpg 624w, http:\/\/ivoreya-judo.si.afna.si\/wp-content\/uploads\/DSC_0122.jpg 1600w\" sizes=\"auto, (max-width: 1024px) 100vw, 1024px\" \/><\/figure>\n\n\n\n<figure class=\"wp-block-image size-large\"><img loading=\"lazy\" decoding=\"async\" width=\"680\" height=\"1024\" data-attachment-id=\"19149\" data-permalink=\"http:\/\/ivoreya-judo.si.afna.si\/?attachment_id=19149\" data-orig-file=\"http:\/\/ivoreya-judo.si.afna.si\/wp-content\/uploads\/DSC_0125.jpg\" data-orig-size=\"1063,1600\" data-comments-opened=\"0\" data-image-meta=\"{&quot;aperture&quot;:&quot;4.5&quot;,&quot;credit&quot;:&quot;Picasa&quot;,&quot;camera&quot;:&quot;NIKON D90&quot;,&quot;caption&quot;:&quot;&quot;,&quot;created_timestamp&quot;:&quot;1763237141&quot;,&quot;copyright&quot;:&quot;&quot;,&quot;focal_length&quot;:&quot;35&quot;,&quot;iso&quot;:&quot;640&quot;,&quot;shutter_speed&quot;:&quot;0.016666666666667&quot;,&quot;title&quot;:&quot;&quot;,&quot;orientation&quot;:&quot;0&quot;}\" data-image-title=\"DSC_0125\" data-image-description=\"\" data-image-caption=\"\" data-medium-file=\"http:\/\/ivoreya-judo.si.afna.si\/wp-content\/uploads\/DSC_0125-199x300.jpg\" data-large-file=\"http:\/\/ivoreya-judo.si.afna.si\/wp-content\/uploads\/DSC_0125-680x1024.jpg\" data-id=\"19149\" src=\"http:\/\/ivoreya-judo.si.afna.si\/wp-content\/uploads\/DSC_0125-680x1024.jpg\" alt=\"\" class=\"wp-image-19149\" srcset=\"http:\/\/ivoreya-judo.si.afna.si\/wp-content\/uploads\/DSC_0125-680x1024.jpg 680w, http:\/\/ivoreya-judo.si.afna.si\/wp-content\/uploads\/DSC_0125-199x300.jpg 199w, http:\/\/ivoreya-judo.si.afna.si\/wp-content\/uploads\/DSC_0125-768x1156.jpg 768w, http:\/\/ivoreya-judo.si.afna.si\/wp-content\/uploads\/DSC_0125-1020x1536.jpg 1020w, http:\/\/ivoreya-judo.si.afna.si\/wp-content\/uploads\/DSC_0125-624x939.jpg 624w, http:\/\/ivoreya-judo.si.afna.si\/wp-content\/uploads\/DSC_0125.jpg 1063w\" sizes=\"auto, (max-width: 680px) 100vw, 680px\" \/><\/figure>\n\n\n\n<figure class=\"wp-block-image size-large\"><img loading=\"lazy\" decoding=\"async\" width=\"1024\" height=\"680\" data-attachment-id=\"19152\" data-permalink=\"http:\/\/ivoreya-judo.si.afna.si\/?attachment_id=19152\" data-orig-file=\"http:\/\/ivoreya-judo.si.afna.si\/wp-content\/uploads\/DSC_0127-1.jpg\" data-orig-size=\"1600,1063\" data-comments-opened=\"0\" data-image-meta=\"{&quot;aperture&quot;:&quot;3.8&quot;,&quot;credit&quot;:&quot;Picasa&quot;,&quot;camera&quot;:&quot;NIKON D90&quot;,&quot;caption&quot;:&quot;&quot;,&quot;created_timestamp&quot;:&quot;1763237215&quot;,&quot;copyright&quot;:&quot;&quot;,&quot;focal_length&quot;:&quot;21&quot;,&quot;iso&quot;:&quot;640&quot;,&quot;shutter_speed&quot;:&quot;0.016666666666667&quot;,&quot;title&quot;:&quot;&quot;,&quot;orientation&quot;:&quot;0&quot;}\" data-image-title=\"DSC_0127\" data-image-description=\"\" data-image-caption=\"\" data-medium-file=\"http:\/\/ivoreya-judo.si.afna.si\/wp-content\/uploads\/DSC_0127-1-300x199.jpg\" data-large-file=\"http:\/\/ivoreya-judo.si.afna.si\/wp-content\/uploads\/DSC_0127-1-1024x680.jpg\" data-id=\"19152\" src=\"http:\/\/ivoreya-judo.si.afna.si\/wp-content\/uploads\/DSC_0127-1-1024x680.jpg\" alt=\"\" class=\"wp-image-19152\" srcset=\"http:\/\/ivoreya-judo.si.afna.si\/wp-content\/uploads\/DSC_0127-1-1024x680.jpg 1024w, http:\/\/ivoreya-judo.si.afna.si\/wp-content\/uploads\/DSC_0127-1-300x199.jpg 300w, http:\/\/ivoreya-judo.si.afna.si\/wp-content\/uploads\/DSC_0127-1-768x510.jpg 768w, http:\/\/ivoreya-judo.si.afna.si\/wp-content\/uploads\/DSC_0127-1-1536x1020.jpg 1536w, http:\/\/ivoreya-judo.si.afna.si\/wp-content\/uploads\/DSC_0127-1-624x415.jpg 624w, http:\/\/ivoreya-judo.si.afna.si\/wp-content\/uploads\/DSC_0127-1.jpg 1600w\" sizes=\"auto, (max-width: 1024px) 100vw, 1024px\" \/><\/figure>\n\n\n\n<figure class=\"wp-block-image size-large\"><img loading=\"lazy\" decoding=\"async\" width=\"1024\" height=\"680\" data-attachment-id=\"19151\" data-permalink=\"http:\/\/ivoreya-judo.si.afna.si\/?attachment_id=19151\" data-orig-file=\"http:\/\/ivoreya-judo.si.afna.si\/wp-content\/uploads\/DSC_0130-1.jpg\" data-orig-size=\"1600,1063\" data-comments-opened=\"0\" data-image-meta=\"{&quot;aperture&quot;:&quot;4&quot;,&quot;credit&quot;:&quot;Picasa&quot;,&quot;camera&quot;:&quot;NIKON D90&quot;,&quot;caption&quot;:&quot;&quot;,&quot;created_timestamp&quot;:&quot;1763237226&quot;,&quot;copyright&quot;:&quot;&quot;,&quot;focal_length&quot;:&quot;28&quot;,&quot;iso&quot;:&quot;640&quot;,&quot;shutter_speed&quot;:&quot;0.016666666666667&quot;,&quot;title&quot;:&quot;&quot;,&quot;orientation&quot;:&quot;0&quot;}\" data-image-title=\"DSC_0130\" data-image-description=\"\" data-image-caption=\"\" data-medium-file=\"http:\/\/ivoreya-judo.si.afna.si\/wp-content\/uploads\/DSC_0130-1-300x199.jpg\" data-large-file=\"http:\/\/ivoreya-judo.si.afna.si\/wp-content\/uploads\/DSC_0130-1-1024x680.jpg\" data-id=\"19151\" src=\"http:\/\/ivoreya-judo.si.afna.si\/wp-content\/uploads\/DSC_0130-1-1024x680.jpg\" alt=\"\" class=\"wp-image-19151\" srcset=\"http:\/\/ivoreya-judo.si.afna.si\/wp-content\/uploads\/DSC_0130-1-1024x680.jpg 1024w, http:\/\/ivoreya-judo.si.afna.si\/wp-content\/uploads\/DSC_0130-1-300x199.jpg 300w, http:\/\/ivoreya-judo.si.afna.si\/wp-content\/uploads\/DSC_0130-1-768x510.jpg 768w, http:\/\/ivoreya-judo.si.afna.si\/wp-content\/uploads\/DSC_0130-1-1536x1020.jpg 1536w, http:\/\/ivoreya-judo.si.afna.si\/wp-content\/uploads\/DSC_0130-1-624x415.jpg 624w, http:\/\/ivoreya-judo.si.afna.si\/wp-content\/uploads\/DSC_0130-1.jpg 1600w\" sizes=\"auto, (max-width: 1024px) 100vw, 1024px\" \/><\/figure>\n\n\n\n<figure class=\"wp-block-image size-large\"><img loading=\"lazy\" decoding=\"async\" width=\"1024\" height=\"680\" data-attachment-id=\"19153\" data-permalink=\"http:\/\/ivoreya-judo.si.afna.si\/?attachment_id=19153\" data-orig-file=\"http:\/\/ivoreya-judo.si.afna.si\/wp-content\/uploads\/DSC_0132.jpg\" data-orig-size=\"1600,1063\" data-comments-opened=\"0\" data-image-meta=\"{&quot;aperture&quot;:&quot;4.8&quot;,&quot;credit&quot;:&quot;Picasa&quot;,&quot;camera&quot;:&quot;NIKON D90&quot;,&quot;caption&quot;:&quot;&quot;,&quot;created_timestamp&quot;:&quot;1763287212&quot;,&quot;copyright&quot;:&quot;&quot;,&quot;focal_length&quot;:&quot;48&quot;,&quot;iso&quot;:&quot;640&quot;,&quot;shutter_speed&quot;:&quot;0.016666666666667&quot;,&quot;title&quot;:&quot;&quot;,&quot;orientation&quot;:&quot;0&quot;}\" data-image-title=\"DSC_0132\" data-image-description=\"\" data-image-caption=\"\" data-medium-file=\"http:\/\/ivoreya-judo.si.afna.si\/wp-content\/uploads\/DSC_0132-300x199.jpg\" data-large-file=\"http:\/\/ivoreya-judo.si.afna.si\/wp-content\/uploads\/DSC_0132-1024x680.jpg\" data-id=\"19153\" src=\"http:\/\/ivoreya-judo.si.afna.si\/wp-content\/uploads\/DSC_0132-1024x680.jpg\" alt=\"\" class=\"wp-image-19153\" srcset=\"http:\/\/ivoreya-judo.si.afna.si\/wp-content\/uploads\/DSC_0132-1024x680.jpg 1024w, http:\/\/ivoreya-judo.si.afna.si\/wp-content\/uploads\/DSC_0132-300x199.jpg 300w, http:\/\/ivoreya-judo.si.afna.si\/wp-content\/uploads\/DSC_0132-768x510.jpg 768w, http:\/\/ivoreya-judo.si.afna.si\/wp-content\/uploads\/DSC_0132-1536x1020.jpg 1536w, http:\/\/ivoreya-judo.si.afna.si\/wp-content\/uploads\/DSC_0132-624x415.jpg 624w, http:\/\/ivoreya-judo.si.afna.si\/wp-content\/uploads\/DSC_0132.jpg 1600w\" sizes=\"auto, (max-width: 1024px) 100vw, 1024px\" \/><\/figure>\n\n\n\n<figure class=\"wp-block-image size-large\"><img loading=\"lazy\" decoding=\"async\" width=\"1024\" height=\"680\" data-attachment-id=\"19155\" data-permalink=\"http:\/\/ivoreya-judo.si.afna.si\/?attachment_id=19155\" data-orig-file=\"http:\/\/ivoreya-judo.si.afna.si\/wp-content\/uploads\/DSC_0133.jpg\" data-orig-size=\"1600,1063\" data-comments-opened=\"0\" data-image-meta=\"{&quot;aperture&quot;:&quot;5.6&quot;,&quot;credit&quot;:&quot;Picasa&quot;,&quot;camera&quot;:&quot;NIKON D90&quot;,&quot;caption&quot;:&quot;&quot;,&quot;created_timestamp&quot;:&quot;1763287261&quot;,&quot;copyright&quot;:&quot;&quot;,&quot;focal_length&quot;:&quot;105&quot;,&quot;iso&quot;:&quot;640&quot;,&quot;shutter_speed&quot;:&quot;0.016666666666667&quot;,&quot;title&quot;:&quot;&quot;,&quot;orientation&quot;:&quot;0&quot;}\" data-image-title=\"DSC_0133\" data-image-description=\"\" data-image-caption=\"\" data-medium-file=\"http:\/\/ivoreya-judo.si.afna.si\/wp-content\/uploads\/DSC_0133-300x199.jpg\" data-large-file=\"http:\/\/ivoreya-judo.si.afna.si\/wp-content\/uploads\/DSC_0133-1024x680.jpg\" data-id=\"19155\" src=\"http:\/\/ivoreya-judo.si.afna.si\/wp-content\/uploads\/DSC_0133-1024x680.jpg\" alt=\"\" class=\"wp-image-19155\" srcset=\"http:\/\/ivoreya-judo.si.afna.si\/wp-content\/uploads\/DSC_0133-1024x680.jpg 1024w, http:\/\/ivoreya-judo.si.afna.si\/wp-content\/uploads\/DSC_0133-300x199.jpg 300w, http:\/\/ivoreya-judo.si.afna.si\/wp-content\/uploads\/DSC_0133-768x510.jpg 768w, http:\/\/ivoreya-judo.si.afna.si\/wp-content\/uploads\/DSC_0133-1536x1020.jpg 1536w, http:\/\/ivoreya-judo.si.afna.si\/wp-content\/uploads\/DSC_0133-624x415.jpg 624w, http:\/\/ivoreya-judo.si.afna.si\/wp-content\/uploads\/DSC_0133.jpg 1600w\" sizes=\"auto, (max-width: 1024px) 100vw, 1024px\" \/><\/figure>\n\n\n\n<figure class=\"wp-block-image size-large\"><img loading=\"lazy\" decoding=\"async\" width=\"1024\" height=\"680\" data-attachment-id=\"19154\" data-permalink=\"http:\/\/ivoreya-judo.si.afna.si\/?attachment_id=19154\" data-orig-file=\"http:\/\/ivoreya-judo.si.afna.si\/wp-content\/uploads\/DSC_0134-1.jpg\" data-orig-size=\"1600,1063\" data-comments-opened=\"0\" data-image-meta=\"{&quot;aperture&quot;:&quot;3.5&quot;,&quot;credit&quot;:&quot;Picasa&quot;,&quot;camera&quot;:&quot;NIKON D90&quot;,&quot;caption&quot;:&quot;&quot;,&quot;created_timestamp&quot;:&quot;1763287269&quot;,&quot;copyright&quot;:&quot;&quot;,&quot;focal_length&quot;:&quot;18&quot;,&quot;iso&quot;:&quot;640&quot;,&quot;shutter_speed&quot;:&quot;0.0125&quot;,&quot;title&quot;:&quot;&quot;,&quot;orientation&quot;:&quot;0&quot;}\" data-image-title=\"DSC_0134\" data-image-description=\"\" data-image-caption=\"\" data-medium-file=\"http:\/\/ivoreya-judo.si.afna.si\/wp-content\/uploads\/DSC_0134-1-300x199.jpg\" data-large-file=\"http:\/\/ivoreya-judo.si.afna.si\/wp-content\/uploads\/DSC_0134-1-1024x680.jpg\" data-id=\"19154\" src=\"http:\/\/ivoreya-judo.si.afna.si\/wp-content\/uploads\/DSC_0134-1-1024x680.jpg\" alt=\"\" class=\"wp-image-19154\" srcset=\"http:\/\/ivoreya-judo.si.afna.si\/wp-content\/uploads\/DSC_0134-1-1024x680.jpg 1024w, http:\/\/ivoreya-judo.si.afna.si\/wp-content\/uploads\/DSC_0134-1-300x199.jpg 300w, http:\/\/ivoreya-judo.si.afna.si\/wp-content\/uploads\/DSC_0134-1-768x510.jpg 768w, http:\/\/ivoreya-judo.si.afna.si\/wp-content\/uploads\/DSC_0134-1-1536x1020.jpg 1536w, http:\/\/ivoreya-judo.si.afna.si\/wp-content\/uploads\/DSC_0134-1-624x415.jpg 624w, http:\/\/ivoreya-judo.si.afna.si\/wp-content\/uploads\/DSC_0134-1.jpg 1600w\" sizes=\"auto, (max-width: 1024px) 100vw, 1024px\" \/><\/figure>\n\n\n\n<figure class=\"wp-block-image size-large\"><img loading=\"lazy\" decoding=\"async\" width=\"1024\" height=\"680\" data-attachment-id=\"19156\" data-permalink=\"http:\/\/ivoreya-judo.si.afna.si\/?attachment_id=19156\" data-orig-file=\"http:\/\/ivoreya-judo.si.afna.si\/wp-content\/uploads\/DSC_0136-1.jpg\" data-orig-size=\"1600,1063\" data-comments-opened=\"0\" data-image-meta=\"{&quot;aperture&quot;:&quot;3.8&quot;,&quot;credit&quot;:&quot;Picasa&quot;,&quot;camera&quot;:&quot;NIKON D90&quot;,&quot;caption&quot;:&quot;&quot;,&quot;created_timestamp&quot;:&quot;1763305278&quot;,&quot;copyright&quot;:&quot;&quot;,&quot;focal_length&quot;:&quot;22&quot;,&quot;iso&quot;:&quot;640&quot;,&quot;shutter_speed&quot;:&quot;0.016666666666667&quot;,&quot;title&quot;:&quot;&quot;,&quot;orientation&quot;:&quot;0&quot;}\" data-image-title=\"DSC_0136\" data-image-description=\"\" data-image-caption=\"\" data-medium-file=\"http:\/\/ivoreya-judo.si.afna.si\/wp-content\/uploads\/DSC_0136-1-300x199.jpg\" data-large-file=\"http:\/\/ivoreya-judo.si.afna.si\/wp-content\/uploads\/DSC_0136-1-1024x680.jpg\" data-id=\"19156\" src=\"http:\/\/ivoreya-judo.si.afna.si\/wp-content\/uploads\/DSC_0136-1-1024x680.jpg\" alt=\"\" class=\"wp-image-19156\" srcset=\"http:\/\/ivoreya-judo.si.afna.si\/wp-content\/uploads\/DSC_0136-1-1024x680.jpg 1024w, http:\/\/ivoreya-judo.si.afna.si\/wp-content\/uploads\/DSC_0136-1-300x199.jpg 300w, http:\/\/ivoreya-judo.si.afna.si\/wp-content\/uploads\/DSC_0136-1-768x510.jpg 768w, http:\/\/ivoreya-judo.si.afna.si\/wp-content\/uploads\/DSC_0136-1-1536x1020.jpg 1536w, http:\/\/ivoreya-judo.si.afna.si\/wp-content\/uploads\/DSC_0136-1-624x415.jpg 624w, http:\/\/ivoreya-judo.si.afna.si\/wp-content\/uploads\/DSC_0136-1.jpg 1600w\" sizes=\"auto, (max-width: 1024px) 100vw, 1024px\" \/><\/figure>\n<\/figure>\n","protected":false},"excerpt":{"rendered":"<p>MINI NAGAOKA IN NAGAOKA, 15. in 16.11.&#8217;25, Ljubljana, SLO Judo klub Olimpija je v soboto 15. in nedeljo 16. novmbra organizirala mednarodni turnir Nagaoka. V soboto so natopili tekmovalci U12, U14 in U16 na Mini Nagaoki. V nedeljo pa so se kadeti in \u010dlani pomerili na Nagaoki.V sobot sta se najbolje odrezala Inja in Svit [&hellip;]<\/p>\n","protected":false},"author":2,"featured_media":0,"comment_status":"closed","ping_status":"open","sticky":false,"template":"","format":"standard","meta":{"ngg_post_thumbnail":0,"_jetpack_newsletter_access":"","_jetpack_dont_email_post_to_subs":true,"_jetpack_newsletter_tier_id":0,"_jetpack_memberships_contains_paywalled_content":false,"_jetpack_memberships_contains_paid_content":false,"footnotes":""},"categories":[1],"tags":[],"class_list":["post-19144","post","type-post","status-publish","format-standard","hentry","category-uncategorized"],"jetpack_featured_media_url":"","jetpack_shortlink":"https:\/\/wp.me\/p345DH-4YM","jetpack_sharing_enabled":true,"_links":{"self":[{"href":"http:\/\/ivoreya-judo.si.afna.si\/index.php?rest_route=\/wp\/v2\/posts\/19144","targetHints":{"allow":["GET"]}}],"collection":[{"href":"http:\/\/ivoreya-judo.si.afna.si\/index.php?rest_route=\/wp\/v2\/posts"}],"about":[{"href":"http:\/\/ivoreya-judo.si.afna.si\/index.php?rest_route=\/wp\/v2\/types\/post"}],"author":[{"embeddable":true,"href":"http:\/\/ivoreya-judo.si.afna.si\/index.php?rest_route=\/wp\/v2\/users\/2"}],"replies":[{"embeddable":true,"href":"http:\/\/ivoreya-judo.si.afna.si\/index.php?rest_route=%2Fwp%2Fv2%2Fcomments&post=19144"}],"version-history":[{"count":1,"href":"http:\/\/ivoreya-judo.si.afna.si\/index.php?rest_route=\/wp\/v2\/posts\/19144\/revisions"}],"predecessor-version":[{"id":19157,"href":"http:\/\/ivoreya-judo.si.afna.si\/index.php?rest_route=\/wp\/v2\/posts\/19144\/revisions\/19157"}],"wp:attachment":[{"href":"http:\/\/ivoreya-judo.si.afna.si\/index.php?rest_route=%2Fwp%2Fv2%2Fmedia&parent=19144"}],"wp:term":[{"taxonomy":"category","embeddable":true,"href":"http:\/\/ivoreya-judo.si.afna.si\/index.php?rest_route=%2Fwp%2Fv2%2Fcategories&post=19144"},{"taxonomy":"post_tag","embeddable":true,"href":"http:\/\/ivoreya-judo.si.afna.si\/index.php?rest_route=%2Fwp%2Fv2%2Ftags&post=19144"}],"curies":[{"name":"wp","href":"https:\/\/api.w.org\/{rel}","templated":true}]}}